{"id":16187,"date":"2017-03-17T20:44:40","date_gmt":"2017-03-17T23:44:40","guid":{"rendered":"https:\/\/eldiariodesanpedro.com.ar\/sitio\/?p=16187"},"modified":"2017-03-17T20:44:40","modified_gmt":"2017-03-17T23:44:40","slug":"gremios-municipales-ratificaron-el-paro-de-48-hs-para-el-lunes-y-martes","status":"publish","type":"post","link":"https:\/\/eldiariodesanpedro.com.ar\/sitio\/gremios-municipales-ratificaron-el-paro-de-48-hs-para-el-lunes-y-martes\/","title":{"rendered":"Gremios municipales ratificaron el paro de 48 hs. para el lunes y martes"},"content":{"rendered":"<p><!-- VideographyWP Plugin Message: Automatic video embedding prevented by plugin options. --><br \/>\nEn la tarde de hoy se llev\u00f3 a cabo una reuni\u00f3n en la delegaci\u00f3n local del Ministerio de Trabajo entre dirigentes gremiales del Sindicato de Trabajadores Municipales y de ATE. All\u00ed los funcionarios que formaron parte del encuentro, propusieron que el paro \u201csea levantado\u201d para que el lunes pr\u00f3ximo se pudiera presentar una propuesta superadora. <\/p>\n<p>  Cerca de las 19 hs. se llev\u00f3 a cabo una Asamblea en cada una de las sedes de los gremios, y all\u00ed los trabajadores decidieron continuar con la medida de fuerza que hab\u00eda sido votada con anterioridad.<\/p>\n<p>  \u00abEsper\u00e1bamos que llevaran una propuesta superadora, quedaron que iban a hablar con el Intendente. Ellos adujeron que se sent\u00edan mal porque hab\u00edamos determinado hacer un paro y creo que no es excusa para llevar tranquilidad a los trabajadores\u00bb, dijo Gustavo Gauna de ATE. <\/p>\n<p>  En tanto que Juan Cruz Acosta, dijo: \u00aben el Ministerio de Trabajo nos dijeron que seguramente iba a haber un ofrecimiento m\u00e1s, pero si le d\u00e1bamos el fin de semana para hacer una propuesta superadora la comunicaban el lunes, sino no\u00bb.<\/p>\n<p><strong>Los gremios \u201csaben que el Municipio no puede pagar\u201d<\/strong><\/p>\n<p>  Lo afirm\u00f3 el Secretario de Econom\u00eda y Hacienda de la Municipalidad de San Pedro, en torno al paro de 48 hs. que determinaron los trabajadores municipales agremiados. Carg\u00f3 contra los dirigentes gremiales y los responsabiliz\u00f3 de hacer \u201cpol\u00edtica\u201d, llevando a los agentes municipales al primer paro de la gesti\u00f3n de Salazar.<\/p>\n<p>  Al tiempo que asegur\u00f3 que la decisi\u00f3n del Intendente, es que bajo ning\u00fan punto de vista, los empleados municipales pierdan poder adquisitivo y explic\u00f3: \u201cLa propuesta inicial que se hab\u00eda hecho de un piso del 18%, si la inflaci\u00f3n aumentaba obviamente pod\u00eda haber un perjuicio; eso se fue modificando hasta llegar al ofrecimiento de una recomposici\u00f3n de cada tres meses de acuerdo al costo de vida\u201d.<\/p>\n<p>  Por otro lado, asever\u00f3: \u201cEn el 2015, en el peor momento de la econom\u00eda municipal los gremios salieron p\u00fablicamente, jact\u00e1ndose que hab\u00edan obtenido el mayor aumento y que ten\u00edan los mejores sueldos de la provincia de Buenos Aires con un municipio fundido. Y le ganaron 15 puntos a la inflaci\u00f3n en ese a\u00f1o\u201d. Y agreg\u00f3: \u201cDurante el a\u00f1o pasado el aumento fue del 42% por lo menos igual, o un poquito superior a la inflaci\u00f3n; no hubo p\u00e9rdida de poder adquisitivo\u201d.<\/p>\n<p>  \u201cEl Municipio sigue fundido, sigue en emergencia; en una situaci\u00f3n econ\u00f3mica bastante complicada, por lo que no podemos pagar m\u00e1s de lo que tenemos\u201d, sostuvo el funcionario. \u201cEl Municipio puede acompa\u00f1ar la inflaci\u00f3n porque eso depende tambi\u00e9n de los ingresos coparticipables, o sea si hay m\u00e1s inflaci\u00f3n hay m\u00e1s coparticipaci\u00f3n, y eso nos asegura poder pagar el aumento\u201d, dijo.<\/p>\n<p>  Por \u00faltimo critic\u00f3 a los representantes gremiales: \u201cNo hacemos responsables a los empleados, creemos que son los sindicalistas los que est\u00e1n poniendo a los empleados al frente de esta batalla, cuando ellos saben c\u00f3mo es la situaci\u00f3n del Municipio\u201d, expres\u00f3.<\/p>\n<p>  \u201cCuando estamos negociando nosotros les mostramos las cuentas y los saldos bancarios, y saben el dinero con el que cuenta el Municipio, saben que no se puede pagar\u201d, sentenci\u00f3.<\/p>\n","protected":false},"excerpt":{"rendered":"<p>En la tarde de hoy se llev\u00f3 a cabo una reuni\u00f3n en la delegaci\u00f3n local del Ministerio de Trabajo entre dirigentes gremiales del Sindicato de Trabajadores Municipales y de ATE. All\u00ed los funcionarios que formaron parte del encuentro, propusieron que el paro \u201csea levantado\u201d para que el lunes pr\u00f3ximo se pudiera presentar una propuesta superadora. [&hellip;]<\/p>\n","protected":false},"author":4,"featured_media":16188,"comment_status":"open","ping_status":"closed","sticky":false,"template":"","format":"standard","meta":{"om_disable_all_campaigns":false,"_jetpack_memberships_contains_paid_content":false,"footnotes":""},"categories":[50,2,102],"tags":[],"class_list":["post-16187","post","type-post","status-publish","format-standard","has-post-thumbnail","hentry","category-destacadas","category-locales","category-politica-locales"],"aioseo_notices":[],"gutentor_comment":0,"jetpack_featured_media_url":"https:\/\/eldiariodesanpedro.com.ar\/sitio\/wp-content\/uploads\/2017\/03\/ASAMBLEAS-CON-LOS-TRABAJADORES-MUNICIPALIDAD.jpg","jetpack_shortlink":"https:\/\/wp.me\/p6RhLt-4d5","jetpack_sharing_enabled":true,"_links":{"self":[{"href":"https:\/\/eldiariodesanpedro.com.ar\/sitio\/wp-json\/wp\/v2\/posts\/16187","targetHints":{"allow":["GET"]}}],"collection":[{"href":"https:\/\/eldiariodesanpedro.com.ar\/sitio\/wp-json\/wp\/v2\/posts"}],"about":[{"href":"https:\/\/eldiariodesanpedro.com.ar\/sitio\/wp-json\/wp\/v2\/types\/post"}],"author":[{"embeddable":true,"href":"https:\/\/eldiariodesanpedro.com.ar\/sitio\/wp-json\/wp\/v2\/users\/4"}],"replies":[{"embeddable":true,"href":"https:\/\/eldiariodesanpedro.com.ar\/sitio\/wp-json\/wp\/v2\/comments?post=16187"}],"version-history":[{"count":1,"href":"https:\/\/eldiariodesanpedro.com.ar\/sitio\/wp-json\/wp\/v2\/posts\/16187\/revisions"}],"predecessor-version":[{"id":16189,"href":"https:\/\/eldiariodesanpedro.com.ar\/sitio\/wp-json\/wp\/v2\/posts\/16187\/revisions\/16189"}],"wp:featuredmedia":[{"embeddable":true,"href":"https:\/\/eldiariodesanpedro.com.ar\/sitio\/wp-json\/wp\/v2\/media\/16188"}],"wp:attachment":[{"href":"https:\/\/eldiariodesanpedro.com.ar\/sitio\/wp-json\/wp\/v2\/media?parent=16187"}],"wp:term":[{"taxonomy":"category","embeddable":true,"href":"https:\/\/eldiariodesanpedro.com.ar\/sitio\/wp-json\/wp\/v2\/categories?post=16187"},{"taxonomy":"post_tag","embeddable":true,"href":"https:\/\/eldiariodesanpedro.com.ar\/sitio\/wp-json\/wp\/v2\/tags?post=16187"}],"curies":[{"name":"wp","href":"https:\/\/api.w.org\/{rel}","templated":true}]}}