{"id":16183,"date":"2017-03-17T20:26:54","date_gmt":"2017-03-17T23:26:54","guid":{"rendered":"https:\/\/eldiariodesanpedro.com.ar\/sitio\/?p=16183"},"modified":"2026-01-24T00:30:45","modified_gmt":"2026-01-24T03:30:45","slug":"padel-interclubes-de-padel-san-nicolas-2017-participa-equipo-de-pescadores","status":"publish","type":"post","link":"https:\/\/eldiariodesanpedro.com.ar\/sitio\/padel-interclubes-de-padel-san-nicolas-2017-participa-equipo-de-pescadores\/","title":{"rendered":"P\u00c1DEL: Interclubes de P\u00e1del San Nicol\u00e1s 2017: Participa equipo de Pescadores"},"content":{"rendered":"<p><!-- VideographyWP Plugin Message: Automatic video embedding prevented by plugin options. --><br \/>\n  Este fin de semana organizado por los clubes \u201cAcuario\u201d, \u201cLa Villa\u201d, \u201cLa Volea\u201d y \u201cde la Naci\u00f3n\u201d; se jugar\u00e1 la 11a edici\u00f3n del tradicional Interclubes de P\u00e1del San Nicol\u00e1s 2017.<\/p>\n<p><strong>  Arranca este s\u00e1bado desde las 9 horas<\/strong><\/p>\n<p>  Con r\u00e9cord de clubes inscriptos: \u201cAcuario\u201d, \u201cNaci\u00f3n\u201d, \u201cLa Villa\u201d, \u201cLa Volea\u201d, \u201cRegatas\u201d, \u201cEmpalme Central\u201d, \u201cC. C\u00f3rdoba La Violeta\u201d, \u201cPescadores de San Pedro\u201d, \u201cMatch Point\u201d, \u201cN\u00e1utico de Ramallo\u201d y \u201cLa Isla\u201d de Col\u00f3n; pone en competencia a casi 200 jugadores, lo que significa una gran convocatoria.   <\/p>\n<p>  El historial en lo que va del interclubes, con diez ediciones realizadas, lo tiene a \u201cde la Naci\u00f3n\u201d con 5 campeonatos, \u201cLa Villa\u201d le sigue con 3 campeonatos y luego \u201cLa Volea\u201d y \u201cPescadores de San Pedro\u201d con un campeonato cada uno. <\/p>\n<p>  El equipo de Pescadores en las diferentes categor\u00edas est\u00e1 compuesto por: <\/p>\n<p>Obreg\u00f3n-Cocchi; Sibilla-Mosteiro; Regal\u00eda-Alvarez; Iglesias-Sastre; Cejas-Goitino; Rodr\u00edguez-Ott; Bernardi-Garc\u00eda; Bargaz-Albanese; Biglieri-Venini. Delegado: T. Ott.<\/p>\n","protected":false},"excerpt":{"rendered":"<p>Este fin de semana organizado por los clubes \u201cAcuario\u201d, \u201cLa Villa\u201d, \u201cLa Volea\u201d y \u201cde la Naci\u00f3n\u201d; se jugar\u00e1 la 11a edici\u00f3n del tradicional Interclubes de P\u00e1del San Nicol\u00e1s 2017. Arranca este s\u00e1bado desde las 9 horas Con r\u00e9cord de clubes inscriptos: \u201cAcuario\u201d, \u201cNaci\u00f3n\u201d, \u201cLa Villa\u201d, \u201cLa Volea\u201d, \u201cRegatas\u201d, \u201cEmpalme Central\u201d, \u201cC. C\u00f3rdoba La Violeta\u201d, [&hellip;]<\/p>\n","protected":false},"author":4,"featured_media":16184,"comment_status":"open","ping_status":"closed","sticky":false,"template":"","format":"standard","meta":{"om_disable_all_campaigns":false,"_jetpack_memberships_contains_paid_content":false,"footnotes":""},"categories":[5],"tags":[],"class_list":["post-16183","post","type-post","status-publish","format-standard","has-post-thumbnail","hentry","category-deportes"],"aioseo_notices":[],"gutentor_comment":0,"jetpack_featured_media_url":"https:\/\/eldiariodesanpedro.com.ar\/sitio\/wp-content\/uploads\/2017\/03\/padel.jpg","jetpack_shortlink":"https:\/\/wp.me\/p6RhLt-4d1","jetpack_sharing_enabled":true,"_links":{"self":[{"href":"https:\/\/eldiariodesanpedro.com.ar\/sitio\/wp-json\/wp\/v2\/posts\/16183","targetHints":{"allow":["GET"]}}],"collection":[{"href":"https:\/\/eldiariodesanpedro.com.ar\/sitio\/wp-json\/wp\/v2\/posts"}],"about":[{"href":"https:\/\/eldiariodesanpedro.com.ar\/sitio\/wp-json\/wp\/v2\/types\/post"}],"author":[{"embeddable":true,"href":"https:\/\/eldiariodesanpedro.com.ar\/sitio\/wp-json\/wp\/v2\/users\/4"}],"replies":[{"embeddable":true,"href":"https:\/\/eldiariodesanpedro.com.ar\/sitio\/wp-json\/wp\/v2\/comments?post=16183"}],"version-history":[{"count":1,"href":"https:\/\/eldiariodesanpedro.com.ar\/sitio\/wp-json\/wp\/v2\/posts\/16183\/revisions"}],"predecessor-version":[{"id":16185,"href":"https:\/\/eldiariodesanpedro.com.ar\/sitio\/wp-json\/wp\/v2\/posts\/16183\/revisions\/16185"}],"wp:featuredmedia":[{"embeddable":true,"href":"https:\/\/eldiariodesanpedro.com.ar\/sitio\/wp-json\/wp\/v2\/media\/16184"}],"wp:attachment":[{"href":"https:\/\/eldiariodesanpedro.com.ar\/sitio\/wp-json\/wp\/v2\/media?parent=16183"}],"wp:term":[{"taxonomy":"category","embeddable":true,"href":"https:\/\/eldiariodesanpedro.com.ar\/sitio\/wp-json\/wp\/v2\/categories?post=16183"},{"taxonomy":"post_tag","embeddable":true,"href":"https:\/\/eldiariodesanpedro.com.ar\/sitio\/wp-json\/wp\/v2\/tags?post=16183"}],"curies":[{"name":"wp","href":"https:\/\/api.w.org\/{rel}","templated":true}]}}