{"id":16179,"date":"2017-03-17T20:20:32","date_gmt":"2017-03-17T23:20:32","guid":{"rendered":"https:\/\/eldiariodesanpedro.com.ar\/sitio\/?p=16179"},"modified":"2026-01-24T00:30:45","modified_gmt":"2026-01-24T03:30:45","slug":"vuelve-el-futbol-local","status":"publish","type":"post","link":"https:\/\/eldiariodesanpedro.com.ar\/sitio\/vuelve-el-futbol-local\/","title":{"rendered":"\u00a1Vuelve el f\u00fatbol local!"},"content":{"rendered":"<p><!-- VideographyWP Plugin Message: Automatic video embedding prevented by plugin options. --><br \/>\n  Desde este s\u00e1bado arranca el f\u00fatbol local, cuando se realizar\u00e1 el puntapi\u00e9 inicial del certamen \u201cPedro Barri\u201d. San Roque &#8211; Am\u00e9rica en cancha de CADU; todo el resto de los partidos se jugar\u00e1n los domingos con horario oficial de 13:00 hs. (6ta), 14:30 hs. (2da) y 16:15 hs. (1ra). En intermedias la mayor\u00eda jugaron el viernes.<\/p>\n<p><strong>La fecha inaugural es la siguiente:<\/strong><br \/>\n<strong><br \/>\nPrimera &#8211; Segunda &#8211; Sexta<\/strong><\/p>\n<p><em>Zona \u00abA\u00bb &#8211; 1\u00ba Fecha<\/em><br \/>\nGral. San Mart\u00edn vs. La Esperanza F. C.<br \/>\nIndependencia F. C. vs. C. A. Mitre<br \/>\nC. A. Banfield vs. Agricultores Club (en Estadio Municipal)<\/p>\n<p><em>Zona \u00abB\u00bb<\/em><br \/>\nSan Roque F.C. vs C. S. Am\u00e9rica (s\u00e1bado en CADU)<br \/>\nC. A. Defensores Unidos vs C. D. Central C\u00f3rdoba<br \/>\nC. S. Las Palmeras vs. Paran\u00e1 F. C<\/p>\n<p><em>Zona \u00abC\u00bb &#8211; 1\u00ba Fecha<\/em><br \/>\nRivadavia vs Sportivo<br \/>\nC. S. y D. I. Portela vs Fundici\u00f3n FC<br \/>\nDep. Alsina vs Atl\u00e9tico<\/p>\n<p>  En divisiones inferiores: Am\u00e9rica ante San Roque, se juega el domingo en cancha del club La Esperanza, el resto de los partidos, todos, el d\u00eda s\u00e1bado.<\/p>\n<p><strong>Programa de partidos y horario oficial<\/strong><\/p>\n<p>13:00 hs. (5ta), 14:30 hs. (4ta) y 16:00 hs. (3ra).<\/p>\n<p><em>Zona \u00abA\u00bb<\/em><br \/>\nLa Esperanza vs San Mart\u00edn<br \/>\n13:00 hs. (5ta), 14:30 hs. (4ta) y 16:00 hs. (3ra).<\/p>\n<p>Mitre vs Independencia (en Estadio)<br \/>\n13:00 hs. (5ta), 14:30 hs. (4ta) y 16:00 hs. (3ra).<\/p>\n<p>Agricultores vs Banfield<br \/>\n14:00 hs. (2003) y 15:30 hs. (2002)<\/p>\n<p><em>Zona \u00abB\u00bb<\/em><br \/>\nAm\u00e9rica vs San Roque (Domingo en La Esperanza)<br \/>\n14:00 hs. (2003) y 15:30 hs. (2002)<\/p>\n<p>C. C\u00f3rdoba vs D. Unidos<br \/>\n14:00 hs. (2003) y 15:30 hs. (2001)<\/p>\n<p>Paran\u00e1 vs Las Palmeras<br \/>\n13:00 hs. (5ta), 14:30 hs. (4ta) y 16:00 hs.(3ra).<\/p>\n<p><em>Zona \u00abC\u00bb<\/em><br \/>\nSportivo vs Rivadavia<br \/>\n13:00 hs. (5ta), 14:30 hs. (4ta) y 16:00 hs. (3ra).<\/p>\n<p>Fundici\u00f3n vs Portela (en Rivadavia)<br \/>\n13:00 hs. (5ta), 14:30 hs. (4ta) y 16:00 hs. (3ra).<\/p>\n<p>Atl\u00e9tico vs Alsina<br \/>\n13:00 hs. (2003) y 14:30 hs. (2001)<\/p>\n","protected":false},"excerpt":{"rendered":"<p>Desde este s\u00e1bado arranca el f\u00fatbol local, cuando se realizar\u00e1 el puntapi\u00e9 inicial del certamen \u201cPedro Barri\u201d. San Roque &#8211; Am\u00e9rica en cancha de CADU; todo el resto de los partidos se jugar\u00e1n los domingos con horario oficial de 13:00 hs. (6ta), 14:30 hs. (2da) y 16:15 hs. (1ra). En intermedias la mayor\u00eda jugaron el [&hellip;]<\/p>\n","protected":false},"author":4,"featured_media":16181,"comment_status":"open","ping_status":"closed","sticky":false,"template":"","format":"standard","meta":{"om_disable_all_campaigns":false,"_jetpack_memberships_contains_paid_content":false,"footnotes":""},"categories":[5],"tags":[],"class_list":["post-16179","post","type-post","status-publish","format-standard","has-post-thumbnail","hentry","category-deportes"],"aioseo_notices":[],"gutentor_comment":0,"jetpack_featured_media_url":"https:\/\/eldiariodesanpedro.com.ar\/sitio\/wp-content\/uploads\/2017\/03\/El-torneo-lleva-el-nombre-de-Don-\u201cPedro-Barri\u201d-Secretario-rentado-de-la-liga-por-m\u00e1s-de-50-a\u00f1os-fallecido-en-noviembre-pasado.jpg","jetpack_shortlink":"https:\/\/wp.me\/p6RhLt-4cX","jetpack_sharing_enabled":true,"_links":{"self":[{"href":"https:\/\/eldiariodesanpedro.com.ar\/sitio\/wp-json\/wp\/v2\/posts\/16179","targetHints":{"allow":["GET"]}}],"collection":[{"href":"https:\/\/eldiariodesanpedro.com.ar\/sitio\/wp-json\/wp\/v2\/posts"}],"about":[{"href":"https:\/\/eldiariodesanpedro.com.ar\/sitio\/wp-json\/wp\/v2\/types\/post"}],"author":[{"embeddable":true,"href":"https:\/\/eldiariodesanpedro.com.ar\/sitio\/wp-json\/wp\/v2\/users\/4"}],"replies":[{"embeddable":true,"href":"https:\/\/eldiariodesanpedro.com.ar\/sitio\/wp-json\/wp\/v2\/comments?post=16179"}],"version-history":[{"count":1,"href":"https:\/\/eldiariodesanpedro.com.ar\/sitio\/wp-json\/wp\/v2\/posts\/16179\/revisions"}],"predecessor-version":[{"id":16182,"href":"https:\/\/eldiariodesanpedro.com.ar\/sitio\/wp-json\/wp\/v2\/posts\/16179\/revisions\/16182"}],"wp:featuredmedia":[{"embeddable":true,"href":"https:\/\/eldiariodesanpedro.com.ar\/sitio\/wp-json\/wp\/v2\/media\/16181"}],"wp:attachment":[{"href":"https:\/\/eldiariodesanpedro.com.ar\/sitio\/wp-json\/wp\/v2\/media?parent=16179"}],"wp:term":[{"taxonomy":"category","embeddable":true,"href":"https:\/\/eldiariodesanpedro.com.ar\/sitio\/wp-json\/wp\/v2\/categories?post=16179"},{"taxonomy":"post_tag","embeddable":true,"href":"https:\/\/eldiariodesanpedro.com.ar\/sitio\/wp-json\/wp\/v2\/tags?post=16179"}],"curies":[{"name":"wp","href":"https:\/\/api.w.org\/{rel}","templated":true}]}}