{"id":16172,"date":"2017-03-17T20:03:06","date_gmt":"2017-03-17T23:03:06","guid":{"rendered":"https:\/\/eldiariodesanpedro.com.ar\/sitio\/?p=16172"},"modified":"2017-03-17T20:03:06","modified_gmt":"2017-03-17T23:03:06","slug":"caravana-del-repudio-a-los-despidos-y-politicas-de-ajuste-en-baradero","status":"publish","type":"post","link":"https:\/\/eldiariodesanpedro.com.ar\/sitio\/caravana-del-repudio-a-los-despidos-y-politicas-de-ajuste-en-baradero\/","title":{"rendered":"\u00abCaravana del Repudio\u00bb a los despidos y pol\u00edticas de ajuste en Baradero"},"content":{"rendered":"<p><!-- VideographyWP Plugin Message: Automatic video embedding prevented by plugin options. --><br \/>\n Este jueves a partir de las 16 hs. los trabajadores, representantes gremiales nucleados en torno a Sindicatos Unidos y vecinos de Baradero participaron de la \u201cCaravana del Repudio\u201d contra los despidos y las pol\u00edticas de ajuste del Gobierno Nacional, que han provocado el cierre empresas y el desempleo.<\/p>\n<p>  Los veh\u00edculos se juntaron sobre calle Thomas Edison, para luego partir por el acceso hasta Ruta Nacional N\u00ba 9. Desde all\u00ed, a paso muy lento viajaron hasta el puente del Cementerio Privado, dieron la vuelta hasta cerca de Alsina, volviendo finalmente por el carril Bs. As. \u2013 Rosario.<\/p>\n<p>  Esta acci\u00f3n de protesta provoc\u00f3 embotellamientos y hasta el corte de la autov\u00eda por la gran cantidad de coches que se desplazaban a baja velocidad.<\/p>\n<p>  Ojal\u00e1 este nuevo mensaje de la comunidad baraderense llegue a los responsables y se pueda revertir esta crisis laboral, por la que atraviesa la ciudad.<\/p>\n<p><strong>Coronel Charlone<\/strong><\/p>\n<p>  En Coronel Charlone, un pueblo de aproximadamente 1300 personas al noroeste de la provincia, funciona una planta de \u00abSancor\u00bb. <\/p>\n<p>  La mencionada empresa, lleva adelante un plan de \u201creestructuraci\u00f3n\u201d, que implica una reducci\u00f3n de 15 a 9 establecimientos en operaci\u00f3n, y en achicar la n\u00f3mina de 4.000 a 500 trabajadores. Las plantas apuntadas para bajar las persianas est\u00e1n ubicadas en Moldes y Brinkmann, ambas de la Provincia de C\u00f3rdoba; en Centeno de Santa Fe; y en Coronel Charlone.<\/p>\n<p>  El fundamento para dar de baja las plantas es porque la firma \u00abvio afectada su capacidad productiva y su desempe\u00f1o econ\u00f3mico\u00bb. Para enfrentar este desaf\u00edo, desde hace varios meses inici\u00f3 un proceso mediante el cual se pretende una soluci\u00f3n definitiva a la situaci\u00f3n, el cual se prevee que culminar\u00e1 en poco tiempo m\u00e1s.<\/p>\n<p>  Esta semana, los trabajadores realizaron una protesta en la f\u00e1brica, acompa\u00f1ados por concejales, familias, vecinos, y otros gremios como Luz y Fuerza. Jorge Morales, delegado de la planta en esa ciudad, dijo: \u201cen caso de producirse el cierre, 50 familias se quedar\u00edan sin trabajo. \u00a1Esto pega fuert\u00edsimo! Es un pueblo chico\u201d. Asimismo, agreg\u00f3: \u201cseguimos bregando por esta fuente de trabajo, el gremio nos abandon\u00f3\u201d.<\/p>\n<p>  Morales adem\u00e1s manifest\u00f3: \u201cnos falta terminar de cobrar el mes de enero, y nos dieron cinco mil pesos nada m\u00e1s de febrero\u201d, y asever\u00f3: \u201ctodos tenemos familia, es dif\u00edcil y tratamos de sobrellevar la situaci\u00f3n\u201d.<\/p>\n<p><strong>Baradero<\/strong><\/p>\n<p>  En este distrito la crisis econ\u00f3mica ha impactado en cuatro de las seis plantas que son motor de la econom\u00eda regional. Al cierre de Atanor, se suman los despidos en Ingredion y las amenazas de recortes en Germaiz, Dontos y BRF.<\/p>\n<p>  La qu\u00edmica Atanor que en febrero cerr\u00f3 dos de las cuatro plantas que la empresa tiene instaladas en la provincia de Buenos Aires, dej\u00f3 a sesenta operarios de Baradero en la calle. A ello se suma, que la alimenticia Ingredion tiene previsto el despido de 84 trabajadores locales.<\/p>\n<p>\u201cBaradero puede convertirse en una pueblo fantasma si todas las industrias toman la misma decisi\u00f3n\u201d, alert\u00f3 a la prensa Felipe Barrios, Secretario General del Sindicatos Unidos.<\/p>\n<p>  Alejandro G\u00f3mez del Sindicato de Mec\u00e1nicos y Afines del Transporte Automotor (SMATA), en di\u00e1logo con el portal LetraP, hizo un panorama de la crisis econ\u00f3mica de esa ciudad. \u201cGermaiz, que provee productos derivados del aceite, cuenta con 50 trabajadores que hace un a\u00f1o que no cobran sueldos; Ingredion que cuenta con 400 trabajadores, present\u00f3 el preventivo de crisis\u201d, se\u00f1al\u00f3 y agreg\u00f3: \u201cla empresa quiere reducir uno de los tres turnos sacando 80 operarios, y est\u00e1 hablando con el sindicato para cambiar el convenio laboral y hacerlo m\u00e1s flexible\u201d. Adem\u00e1s, detall\u00f3 que la alimenticia c\u00e1rnica BRF tambi\u00e9n estar\u00eda por presentar el preventivo de crisis,  sin tener en cuenta los despidos ya realizados, argumentando razones de presentismo\u201d.<\/p>\n<p><strong>Emilio Bunge<\/strong><\/p>\n<p>  En Emilio Bunge, pueblo de unos 3000 habitantes; la situaci\u00f3n es similar, aunque aumentada por la cr\u00edtica situaci\u00f3n h\u00eddrica que atraviesa la regi\u00f3n.<\/p>\n<p>  Javier Marengo, integrante de vecinos autoconvocados, relat\u00f3: \u201ctenemos una f\u00e1brica que se llama Remotti Melincu\u00e9, donde hacemos quesos blandos y duros. Hay 90 empleados que en \u00e9pocas buenas procesan 120 mil litros diarios de leche, pero con la inundaci\u00f3n s\u00f3lo lleg\u00f3 a 60 mil litros\u201d.<\/p>\n<p>  \u201cComo dependemos del campo, corremos el riesgo de que la f\u00e1brica cierre. Depende del caudal de leche que tengamos\u201d, sentenci\u00f3. Y manifest\u00f3: \u201cpedimos ayuda al Municipio, Provincia y Naci\u00f3n. Con las cosas que hizo la Municipalidad no alcanza, son obras paliativas\u201d. (InfoGEI)<\/p>\n<p>FUENTE: BARADERO TE INFORMA (www.baraderoteinforma.com.ar)<\/p>\n","protected":false},"excerpt":{"rendered":"<p>Este jueves a partir de las 16 hs. los trabajadores, representantes gremiales nucleados en torno a Sindicatos Unidos y vecinos de Baradero participaron de la \u201cCaravana del Repudio\u201d contra los despidos y las pol\u00edticas de ajuste del Gobierno Nacional, que han provocado el cierre empresas y el desempleo. Los veh\u00edculos se juntaron sobre calle Thomas [&hellip;]<\/p>\n","protected":false},"author":4,"featured_media":16173,"comment_status":"open","ping_status":"closed","sticky":false,"template":"","format":"standard","meta":{"om_disable_all_campaigns":false,"_jetpack_memberships_contains_paid_content":false,"footnotes":""},"categories":[101,2],"tags":[],"class_list":["post-16172","post","type-post","status-publish","format-standard","has-post-thumbnail","hentry","category-interes-general-locales","category-locales"],"aioseo_notices":[],"gutentor_comment":0,"jetpack_featured_media_url":"https:\/\/eldiariodesanpedro.com.ar\/sitio\/wp-content\/uploads\/2017\/03\/La-caravana-cuando-ingresaba-a-la-Ruta-Nacional-N\u00b0-9.jpg","jetpack_shortlink":"https:\/\/wp.me\/p6RhLt-4cQ","jetpack_sharing_enabled":true,"_links":{"self":[{"href":"https:\/\/eldiariodesanpedro.com.ar\/sitio\/wp-json\/wp\/v2\/posts\/16172","targetHints":{"allow":["GET"]}}],"collection":[{"href":"https:\/\/eldiariodesanpedro.com.ar\/sitio\/wp-json\/wp\/v2\/posts"}],"about":[{"href":"https:\/\/eldiariodesanpedro.com.ar\/sitio\/wp-json\/wp\/v2\/types\/post"}],"author":[{"embeddable":true,"href":"https:\/\/eldiariodesanpedro.com.ar\/sitio\/wp-json\/wp\/v2\/users\/4"}],"replies":[{"embeddable":true,"href":"https:\/\/eldiariodesanpedro.com.ar\/sitio\/wp-json\/wp\/v2\/comments?post=16172"}],"version-history":[{"count":1,"href":"https:\/\/eldiariodesanpedro.com.ar\/sitio\/wp-json\/wp\/v2\/posts\/16172\/revisions"}],"predecessor-version":[{"id":16174,"href":"https:\/\/eldiariodesanpedro.com.ar\/sitio\/wp-json\/wp\/v2\/posts\/16172\/revisions\/16174"}],"wp:featuredmedia":[{"embeddable":true,"href":"https:\/\/eldiariodesanpedro.com.ar\/sitio\/wp-json\/wp\/v2\/media\/16173"}],"wp:attachment":[{"href":"https:\/\/eldiariodesanpedro.com.ar\/sitio\/wp-json\/wp\/v2\/media?parent=16172"}],"wp:term":[{"taxonomy":"category","embeddable":true,"href":"https:\/\/eldiariodesanpedro.com.ar\/sitio\/wp-json\/wp\/v2\/categories?post=16172"},{"taxonomy":"post_tag","embeddable":true,"href":"https:\/\/eldiariodesanpedro.com.ar\/sitio\/wp-json\/wp\/v2\/tags?post=16172"}],"curies":[{"name":"wp","href":"https:\/\/api.w.org\/{rel}","templated":true}]}}