{"id":16166,"date":"2017-03-17T19:47:21","date_gmt":"2017-03-17T22:47:21","guid":{"rendered":"https:\/\/eldiariodesanpedro.com.ar\/sitio\/?p=16166"},"modified":"2017-03-17T19:47:21","modified_gmt":"2017-03-17T22:47:21","slug":"el-municipio-de-zarate-le-sacaria-los-fondos-para-combustible-a-la-policia-de-provincia","status":"publish","type":"post","link":"https:\/\/eldiariodesanpedro.com.ar\/sitio\/el-municipio-de-zarate-le-sacaria-los-fondos-para-combustible-a-la-policia-de-provincia\/","title":{"rendered":"El Municipio de Z\u00e1rate le sacar\u00eda los fondos para combustible a la Polic\u00eda de Provincia"},"content":{"rendered":"<p><!-- VideographyWP Plugin Message: Automatic video embedding prevented by plugin options. --><br \/>\n  Se dio a conocer en las \u00faltimas horas, que el Municipio de Z\u00e1rate dejar\u00eda de facilitarle los fondos para combustible a las patrullas de Polic\u00eda Provincial. Juli\u00e1n Guelvenz\u00fa, referente del PRO en nuestra ciudad, opin\u00f3 y asegur\u00f3 que el Municipio ya no colaborar\u00eda m\u00e1s con el aporte monetario para combustible de patrulleros Provinciales y dijo: \u201calguien tiene que intervenir la seguridad en Z\u00e1rate\u201d. \u201cUn patrullero que no sale a la calle es un delito, una muerte, o un saqueo que no se evita\u201d remarc\u00f3.<\/p>\n<p>  Agreg\u00f3: \u201cdesde que asumi\u00f3 Vidal como Gobernadora, hay 11 patrulleros nuevos y pasamos de 8 cuadriculas de zona, a 12\u201d.<\/p>\n<p>  \u201cDesde Provincia se est\u00e1 haciendo un esfuerzo, pero no s\u00e9 cu\u00e1l es el motivo para que se tome esta medida a nivel municipal\u201d, dijo Guelvenz\u00fa en di\u00e1logo con una emisora radial de la ciudad.<\/p>\n<p>  Por otra parte, \u00abZ\u00e1rate Alerta\u00bb tuvo la posibilidad de hablar con un efectivo de la Polic\u00eda Provincial, quien afirm\u00f3, respecto al tema: \u201cQue sacar\u00e1n los fondos del combustible es lo que se dice, pero no s\u00e9, todav\u00eda no hay nada confirmado\u201d. (Z\u00e1rate Alerta)<\/p>\n","protected":false},"excerpt":{"rendered":"<p>Se dio a conocer en las \u00faltimas horas, que el Municipio de Z\u00e1rate dejar\u00eda de facilitarle los fondos para combustible a las patrullas de Polic\u00eda Provincial. Juli\u00e1n Guelvenz\u00fa, referente del PRO en nuestra ciudad, opin\u00f3 y asegur\u00f3 que el Municipio ya no colaborar\u00eda m\u00e1s con el aporte monetario para combustible de patrulleros Provinciales y dijo: [&hellip;]<\/p>\n","protected":false},"author":4,"featured_media":16167,"comment_status":"open","ping_status":"closed","sticky":false,"template":"","format":"standard","meta":{"om_disable_all_campaigns":false,"_jetpack_memberships_contains_paid_content":false,"footnotes":""},"categories":[621],"tags":[],"class_list":["post-16166","post","type-post","status-publish","format-standard","has-post-thumbnail","hentry","category-regionales"],"aioseo_notices":[],"gutentor_comment":0,"jetpack_featured_media_url":"https:\/\/eldiariodesanpedro.com.ar\/sitio\/wp-content\/uploads\/2017\/03\/camioneta-policia-e1496177955798.jpg","jetpack_shortlink":"https:\/\/wp.me\/p6RhLt-4cK","jetpack_sharing_enabled":true,"_links":{"self":[{"href":"https:\/\/eldiariodesanpedro.com.ar\/sitio\/wp-json\/wp\/v2\/posts\/16166","targetHints":{"allow":["GET"]}}],"collection":[{"href":"https:\/\/eldiariodesanpedro.com.ar\/sitio\/wp-json\/wp\/v2\/posts"}],"about":[{"href":"https:\/\/eldiariodesanpedro.com.ar\/sitio\/wp-json\/wp\/v2\/types\/post"}],"author":[{"embeddable":true,"href":"https:\/\/eldiariodesanpedro.com.ar\/sitio\/wp-json\/wp\/v2\/users\/4"}],"replies":[{"embeddable":true,"href":"https:\/\/eldiariodesanpedro.com.ar\/sitio\/wp-json\/wp\/v2\/comments?post=16166"}],"version-history":[{"count":1,"href":"https:\/\/eldiariodesanpedro.com.ar\/sitio\/wp-json\/wp\/v2\/posts\/16166\/revisions"}],"predecessor-version":[{"id":16168,"href":"https:\/\/eldiariodesanpedro.com.ar\/sitio\/wp-json\/wp\/v2\/posts\/16166\/revisions\/16168"}],"wp:featuredmedia":[{"embeddable":true,"href":"https:\/\/eldiariodesanpedro.com.ar\/sitio\/wp-json\/wp\/v2\/media\/16167"}],"wp:attachment":[{"href":"https:\/\/eldiariodesanpedro.com.ar\/sitio\/wp-json\/wp\/v2\/media?parent=16166"}],"wp:term":[{"taxonomy":"category","embeddable":true,"href":"https:\/\/eldiariodesanpedro.com.ar\/sitio\/wp-json\/wp\/v2\/categories?post=16166"},{"taxonomy":"post_tag","embeddable":true,"href":"https:\/\/eldiariodesanpedro.com.ar\/sitio\/wp-json\/wp\/v2\/tags?post=16166"}],"curies":[{"name":"wp","href":"https:\/\/api.w.org\/{rel}","templated":true}]}}