{"id":16163,"date":"2017-03-17T19:14:06","date_gmt":"2017-03-17T22:14:06","guid":{"rendered":"https:\/\/eldiariodesanpedro.com.ar\/sitio\/?p=16163"},"modified":"2017-03-17T19:14:06","modified_gmt":"2017-03-17T22:14:06","slug":"instalaron-tres-nuevos-semaforos","status":"publish","type":"post","link":"https:\/\/eldiariodesanpedro.com.ar\/sitio\/instalaron-tres-nuevos-semaforos\/","title":{"rendered":"Instalaron tres nuevos sem\u00e1foros"},"content":{"rendered":"<p><!-- VideographyWP Plugin Message: Automatic video embedding prevented by plugin options. --><br \/>\n El Municipio contin\u00faa trabajando para ordenar el tr\u00e1nsito en la ciudad. Es por ello que se instalan nuevos sem\u00e1foros.<\/p>\n<p>  Sobre ello, el Secretario de Seguridad P\u00fablica Eduardo Roleri, explic\u00f3: \u201cHicimos un exhaustivo estudio de cu\u00e1les eran las necesidades en los barrios perif\u00e9ricos, evaluamos distintas esquinas d\u00f3nde hac\u00edan mucha falta; y coincidimos en que, en la Avenida 11 de septiembre eran necesarios varios sem\u00e1foros, por eso implantamos en su intersecci\u00f3n con Saavedra, con Casella, y en este momento est\u00e1n poniendo otro en Lucio Mansilla\u201d. <\/p>\n<p>  Al tiempo que agreg\u00f3: \u201cTambi\u00e9n se coloc\u00f3 uno en P. Simonino y Mitre, ya que es una cuadra larga y los veh\u00edculos adquieren mucha velocidad. De alguna forma hab\u00eda que cortarlo y realmente cre\u00edamos que era muy necesario\u201d.<\/p>\n<p>  \u00abTambi\u00e9n se terminar\u00e1 de instalar otro, que ya empez\u00f3 a funcionar en el d\u00eda de ayer, en Caseros y R\u00f3mulo Na\u00f3n. All\u00ed tenemos un problema porque est\u00e1 el ingreso al campo deportivo del Club Mitre, y hay horarios en que se complica mucho\u201d.<\/p>\n<p>  \u201cA partir de este viernes, ya vamos a tener un total de 6 nuevos sem\u00e1foros funcionando\u201d, los tres nuevos m\u00e1s los otros que se hab\u00edan colocado con anterioridad. \u201cA futuro, tenemos la idea de colocar uno en Ruta 1001 y Sarmiento\u201d, dijo Roleri por \u00faltimo.<\/p>\n","protected":false},"excerpt":{"rendered":"<p>El Municipio contin\u00faa trabajando para ordenar el tr\u00e1nsito en la ciudad. Es por ello que se instalan nuevos sem\u00e1foros. Sobre ello, el Secretario de Seguridad P\u00fablica Eduardo Roleri, explic\u00f3: \u201cHicimos un exhaustivo estudio de cu\u00e1les eran las necesidades en los barrios perif\u00e9ricos, evaluamos distintas esquinas d\u00f3nde hac\u00edan mucha falta; y coincidimos en que, en la [&hellip;]<\/p>\n","protected":false},"author":4,"featured_media":16164,"comment_status":"open","ping_status":"closed","sticky":false,"template":"","format":"standard","meta":{"om_disable_all_campaigns":false,"_jetpack_memberships_contains_paid_content":false,"footnotes":""},"categories":[101,2],"tags":[],"class_list":["post-16163","post","type-post","status-publish","format-standard","has-post-thumbnail","hentry","category-interes-general-locales","category-locales"],"aioseo_notices":[],"gutentor_comment":0,"jetpack_featured_media_url":"https:\/\/eldiariodesanpedro.com.ar\/sitio\/wp-content\/uploads\/2017\/03\/semafoto-verde.jpg","jetpack_shortlink":"https:\/\/wp.me\/p6RhLt-4cH","jetpack_sharing_enabled":true,"_links":{"self":[{"href":"https:\/\/eldiariodesanpedro.com.ar\/sitio\/wp-json\/wp\/v2\/posts\/16163","targetHints":{"allow":["GET"]}}],"collection":[{"href":"https:\/\/eldiariodesanpedro.com.ar\/sitio\/wp-json\/wp\/v2\/posts"}],"about":[{"href":"https:\/\/eldiariodesanpedro.com.ar\/sitio\/wp-json\/wp\/v2\/types\/post"}],"author":[{"embeddable":true,"href":"https:\/\/eldiariodesanpedro.com.ar\/sitio\/wp-json\/wp\/v2\/users\/4"}],"replies":[{"embeddable":true,"href":"https:\/\/eldiariodesanpedro.com.ar\/sitio\/wp-json\/wp\/v2\/comments?post=16163"}],"version-history":[{"count":1,"href":"https:\/\/eldiariodesanpedro.com.ar\/sitio\/wp-json\/wp\/v2\/posts\/16163\/revisions"}],"predecessor-version":[{"id":16165,"href":"https:\/\/eldiariodesanpedro.com.ar\/sitio\/wp-json\/wp\/v2\/posts\/16163\/revisions\/16165"}],"wp:featuredmedia":[{"embeddable":true,"href":"https:\/\/eldiariodesanpedro.com.ar\/sitio\/wp-json\/wp\/v2\/media\/16164"}],"wp:attachment":[{"href":"https:\/\/eldiariodesanpedro.com.ar\/sitio\/wp-json\/wp\/v2\/media?parent=16163"}],"wp:term":[{"taxonomy":"category","embeddable":true,"href":"https:\/\/eldiariodesanpedro.com.ar\/sitio\/wp-json\/wp\/v2\/categories?post=16163"},{"taxonomy":"post_tag","embeddable":true,"href":"https:\/\/eldiariodesanpedro.com.ar\/sitio\/wp-json\/wp\/v2\/tags?post=16163"}],"curies":[{"name":"wp","href":"https:\/\/api.w.org\/{rel}","templated":true}]}}