{"id":16160,"date":"2017-03-17T19:11:55","date_gmt":"2017-03-17T22:11:55","guid":{"rendered":"https:\/\/eldiariodesanpedro.com.ar\/sitio\/?p=16160"},"modified":"2017-03-17T19:11:55","modified_gmt":"2017-03-17T22:11:55","slug":"robaron-una-camioneta-de-la-via-publica","status":"publish","type":"post","link":"https:\/\/eldiariodesanpedro.com.ar\/sitio\/robaron-una-camioneta-de-la-via-publica\/","title":{"rendered":"Robaron una camioneta de la v\u00eda p\u00fablica"},"content":{"rendered":"<p><!-- VideographyWP Plugin Message: Automatic video embedding prevented by plugin options. --><br \/>\n El hecho se produjo el jueves. El due\u00f1o del rodado lo hab\u00eda dejado estacionado en Rivadavia 950, entre las 19 y las 21 hs. Cuando volvi\u00f3 al lugar, se encontr\u00f3 con que su camioneta ya no estaba.<\/p>\n<p>  Autores desconocidos actuaron en ese lapso de tiempo y sustrajeron la camioneta marca Isuzu, doble cabina de color verde.<\/p>\n<p>  El damnificado, un hombre domiciliado en la ciudad de Tigre, radic\u00f3 en la comisar\u00eda local la denuncia. La causa fue caratulada por la UFI de turno, como \u201churto\u201d.<\/p>\n","protected":false},"excerpt":{"rendered":"<p>El hecho se produjo el jueves. El due\u00f1o del rodado lo hab\u00eda dejado estacionado en Rivadavia 950, entre las 19 y las 21 hs. Cuando volvi\u00f3 al lugar, se encontr\u00f3 con que su camioneta ya no estaba. Autores desconocidos actuaron en ese lapso de tiempo y sustrajeron la camioneta marca Isuzu, doble cabina de color [&hellip;]<\/p>\n","protected":false},"author":4,"featured_media":16161,"comment_status":"open","ping_status":"closed","sticky":false,"template":"","format":"standard","meta":{"om_disable_all_campaigns":false,"_jetpack_memberships_contains_paid_content":false,"footnotes":""},"categories":[2,103],"tags":[],"class_list":["post-16160","post","type-post","status-publish","format-standard","has-post-thumbnail","hentry","category-locales","category-policiales-locales"],"aioseo_notices":[],"gutentor_comment":0,"jetpack_featured_media_url":"https:\/\/eldiariodesanpedro.com.ar\/sitio\/wp-content\/uploads\/2017\/03\/isuzu.jpg","jetpack_shortlink":"https:\/\/wp.me\/p6RhLt-4cE","jetpack_sharing_enabled":true,"_links":{"self":[{"href":"https:\/\/eldiariodesanpedro.com.ar\/sitio\/wp-json\/wp\/v2\/posts\/16160","targetHints":{"allow":["GET"]}}],"collection":[{"href":"https:\/\/eldiariodesanpedro.com.ar\/sitio\/wp-json\/wp\/v2\/posts"}],"about":[{"href":"https:\/\/eldiariodesanpedro.com.ar\/sitio\/wp-json\/wp\/v2\/types\/post"}],"author":[{"embeddable":true,"href":"https:\/\/eldiariodesanpedro.com.ar\/sitio\/wp-json\/wp\/v2\/users\/4"}],"replies":[{"embeddable":true,"href":"https:\/\/eldiariodesanpedro.com.ar\/sitio\/wp-json\/wp\/v2\/comments?post=16160"}],"version-history":[{"count":1,"href":"https:\/\/eldiariodesanpedro.com.ar\/sitio\/wp-json\/wp\/v2\/posts\/16160\/revisions"}],"predecessor-version":[{"id":16162,"href":"https:\/\/eldiariodesanpedro.com.ar\/sitio\/wp-json\/wp\/v2\/posts\/16160\/revisions\/16162"}],"wp:featuredmedia":[{"embeddable":true,"href":"https:\/\/eldiariodesanpedro.com.ar\/sitio\/wp-json\/wp\/v2\/media\/16161"}],"wp:attachment":[{"href":"https:\/\/eldiariodesanpedro.com.ar\/sitio\/wp-json\/wp\/v2\/media?parent=16160"}],"wp:term":[{"taxonomy":"category","embeddable":true,"href":"https:\/\/eldiariodesanpedro.com.ar\/sitio\/wp-json\/wp\/v2\/categories?post=16160"},{"taxonomy":"post_tag","embeddable":true,"href":"https:\/\/eldiariodesanpedro.com.ar\/sitio\/wp-json\/wp\/v2\/tags?post=16160"}],"curies":[{"name":"wp","href":"https:\/\/api.w.org\/{rel}","templated":true}]}}