{"id":16156,"date":"2017-03-17T19:10:10","date_gmt":"2017-03-17T22:10:10","guid":{"rendered":"https:\/\/eldiariodesanpedro.com.ar\/sitio\/?p=16156"},"modified":"2017-03-17T19:10:10","modified_gmt":"2017-03-17T22:10:10","slug":"frigerio-presento-su-fuerza-politica-en-san-pedro-que-apoyara-a-cambiemos","status":"publish","type":"post","link":"https:\/\/eldiariodesanpedro.com.ar\/sitio\/frigerio-presento-su-fuerza-politica-en-san-pedro-que-apoyara-a-cambiemos\/","title":{"rendered":"Frigerio present\u00f3 su fuerza pol\u00edtica en San Pedro, que apoyar\u00e1 a Cambiemos"},"content":{"rendered":"<p><!-- VideographyWP Plugin Message: Automatic video embedding prevented by plugin options. --><br \/>\n  La conferencia de prensa se llev\u00f3 a cabo hoy a la ma\u00f1ana en el Bar Butti. Frigerio estuvo acompa\u00f1ado de su referente local, Diego \u201cPato\u201d Bennazar y llamativamente tambi\u00e9n estuvo participando del evento, el empresario hotelero Alejandro Monjo.<\/p>\n<p>  Frigerio dijo: \u201cde los diferentes sectores que hoy est\u00e1n en la agenda pol\u00edtica de cara a las elecciones (nombr\u00f3 el Frente Renovador, el Frente para la Victoria, entre otros), ninguno representa a la base peronista\u201d.<\/p>\n<p>  \u201cEstamos trabajando en la provincia, en la convergencia pol\u00edtica de este peronismo con Cambiemos, con un armado propio\u201d. Al tiempo que agreg\u00f3: \u201cEstamos negociando con otros partidos para conformar un frente electoral\u201d.<\/p>\n<p>  \u201cSoy un representante m\u00e1s que est\u00e1 colaborando con este espacio\u201d sostuvo Diego Bennazar, referente local del espacio. \u201cMe estoy sumando a este proyecto que es muy importante, y adem\u00e1s, consideramos que la proyecci\u00f3n est\u00e1 dada para que crezca\u201d.<\/p>\n<p>  La idea del espacio es conformar una colectora que le sume votos peronistas al PRO, pero por fuera de \u00e9ste y del frente Cambiemos.<br \/>\n  Octavio es padre de Rogelio, Ministro de Interior y armador pol\u00edtico de Mauricio Macri. Y es uno de los hijos de Rogelio, el fundador del desarrollismo, que tuvo su partido MID.<\/p>\n","protected":false},"excerpt":{"rendered":"<p>La conferencia de prensa se llev\u00f3 a cabo hoy a la ma\u00f1ana en el Bar Butti. Frigerio estuvo acompa\u00f1ado de su referente local, Diego \u201cPato\u201d Bennazar y llamativamente tambi\u00e9n estuvo participando del evento, el empresario hotelero Alejandro Monjo. Frigerio dijo: \u201cde los diferentes sectores que hoy est\u00e1n en la agenda pol\u00edtica de cara a las [&hellip;]<\/p>\n","protected":false},"author":4,"featured_media":16157,"comment_status":"open","ping_status":"closed","sticky":false,"template":"","format":"standard","meta":{"om_disable_all_campaigns":false,"_jetpack_memberships_contains_paid_content":false,"footnotes":""},"categories":[2,102],"tags":[],"class_list":["post-16156","post","type-post","status-publish","format-standard","has-post-thumbnail","hentry","category-locales","category-politica-locales"],"aioseo_notices":[],"gutentor_comment":0,"jetpack_featured_media_url":"https:\/\/eldiariodesanpedro.com.ar\/sitio\/wp-content\/uploads\/2017\/03\/La-conferencia-de-prensa-realizada-ayer-a-la-ma\u00f1ana.jpg","jetpack_shortlink":"https:\/\/wp.me\/p6RhLt-4cA","jetpack_sharing_enabled":true,"_links":{"self":[{"href":"https:\/\/eldiariodesanpedro.com.ar\/sitio\/wp-json\/wp\/v2\/posts\/16156","targetHints":{"allow":["GET"]}}],"collection":[{"href":"https:\/\/eldiariodesanpedro.com.ar\/sitio\/wp-json\/wp\/v2\/posts"}],"about":[{"href":"https:\/\/eldiariodesanpedro.com.ar\/sitio\/wp-json\/wp\/v2\/types\/post"}],"author":[{"embeddable":true,"href":"https:\/\/eldiariodesanpedro.com.ar\/sitio\/wp-json\/wp\/v2\/users\/4"}],"replies":[{"embeddable":true,"href":"https:\/\/eldiariodesanpedro.com.ar\/sitio\/wp-json\/wp\/v2\/comments?post=16156"}],"version-history":[{"count":1,"href":"https:\/\/eldiariodesanpedro.com.ar\/sitio\/wp-json\/wp\/v2\/posts\/16156\/revisions"}],"predecessor-version":[{"id":16158,"href":"https:\/\/eldiariodesanpedro.com.ar\/sitio\/wp-json\/wp\/v2\/posts\/16156\/revisions\/16158"}],"wp:featuredmedia":[{"embeddable":true,"href":"https:\/\/eldiariodesanpedro.com.ar\/sitio\/wp-json\/wp\/v2\/media\/16157"}],"wp:attachment":[{"href":"https:\/\/eldiariodesanpedro.com.ar\/sitio\/wp-json\/wp\/v2\/media?parent=16156"}],"wp:term":[{"taxonomy":"category","embeddable":true,"href":"https:\/\/eldiariodesanpedro.com.ar\/sitio\/wp-json\/wp\/v2\/categories?post=16156"},{"taxonomy":"post_tag","embeddable":true,"href":"https:\/\/eldiariodesanpedro.com.ar\/sitio\/wp-json\/wp\/v2\/tags?post=16156"}],"curies":[{"name":"wp","href":"https:\/\/api.w.org\/{rel}","templated":true}]}}