{"id":16153,"date":"2017-03-17T18:26:17","date_gmt":"2017-03-17T21:26:17","guid":{"rendered":"https:\/\/eldiariodesanpedro.com.ar\/sitio\/?p=16153"},"modified":"2026-01-23T23:14:32","modified_gmt":"2026-01-24T02:14:32","slug":"la-gobernadora-presento-la-nueva-credencial-de-ioma","status":"publish","type":"post","link":"https:\/\/eldiariodesanpedro.com.ar\/sitio\/la-gobernadora-presento-la-nueva-credencial-de-ioma\/","title":{"rendered":"La Gobernadora present\u00f3 la nueva credencial de IOMA"},"content":{"rendered":"<p><!-- VideographyWP Plugin Message: Automatic video embedding prevented by plugin options. --><br \/>\nVidal formul\u00f3 el anuncio junto al actual presidente del Instituto y a su flamante sucesor. Tambi\u00e9n comunic\u00f3 que a partir de abril los beneficiarios de IOMA contar\u00e1n con un nuevo servicio de emergencias y urgencias m\u00e9dicas. <\/p>\n<p>La gobernadora bonaerense Mar\u00eda Eugenia Vidal, junto al actual presidente de la Obra Social, Sergio Cassinotti, y su sucesor, Carlos D\u2019Abate, anunciaron una serie de mejoras y beneficios en las prestaciones. Nueva credencial, nuevo servicio de emergencias y ampliaci\u00f3n en la cobertura de an\u00e1lisis bioqu\u00edmicos.<\/p>\n<p>En su alocuci\u00f3n, la mandataria provincial comunic\u00f3 que \u201cCarlos va a seguir en IOMA, continuando la tarea de Sergio (el lunes asume la presidencia de PAMI), para que no haya cambios bruscos, porque estamos convencidos de que este es el camino que IOMA necesita, vamos a seguir por este camino y realmente ha dejado una huella concreta\u201d.<\/p>\n<p>\u201cSergio se va a cumplir una gran tarea, m\u00e1s grande que la de IOMA y miren que IOMA es grande, va a enfrentar nuevos desaf\u00edos, pero me siento muy orgullosa de la forma en que se va. Porque deja un gran legado\u201d, refrend\u00f3 Vidal. <\/p>\n<p>A su turno, Cassinotti sostuvo: \u201chicimos mucho en este a\u00f1o y medio y no bajando las prestaciones, e insisto mucho con esto porque la gente asocia el ahorro con el recorte prestacional y ac\u00e1 fue todo lo contrario. Ahorramos 1000 millones de pesos este primer a\u00f1o pero incorporamos un mont\u00f3n de prestaciones\u201d.<\/p>\n<p>\u201cY entre las cosas m\u00e1s significativas que le hab\u00eda prometido a Mar\u00eda Eugenia \u2013enfatiz\u00f3 el saliente presidente de IOMA-, una, era la entrega de credenciales magn\u00e9ticas que nos va a facilitar todo el control de lo prestacional, nos va a permitir tener un padr\u00f3n de beneficiarios actualizado y en el que cada uno de ustedes, cuando vayan a la farmacia, a hacerse una ecograf\u00eda o una resonancia, en el momento va a quedar cargada en su historia cl\u00ednica\u201d. <\/p>\n<p>Por su parte, el sucesor de Cassinotti, Carlos D\u2019Abate, anticip\u00f3 sus ejes de gesti\u00f3n: \u201clo m\u00e1s importe es que quiero garantizar la continuidad de las pol\u00edticas emprendidas por Sergio. Y lo m\u00e1s novedoso es que vamos a coordinar efectivamente acciones en t\u00e9rminos prestacionales con PAMI, para obtener las mejores condiciones en beneficio de los afiliados de las dos obras sociales m\u00e1s grandes del pa\u00eds\u201d.  <\/p>\n<p>D\u00b4Abate es abogado, y cuenta con una larga trayectoria de m\u00e1s de 30 a\u00f1os como asesor de entidades que nuclean a farmacias. En la actividad privada dirigi\u00f3 empresas de procesamiento de datos y auditor\u00eda de recetas m\u00e9dicas. Adem\u00e1s fue asesor en el Senado de la Naci\u00f3n y ocup\u00f3 diversos cargos p\u00fablicos. Desde diciembre de 2015 se desempe\u00f1aba como vicepresidente de IOMA.<\/p>\n<p>Otra de las novedades que puso de manifiesto Cassinotti junto a Vidal, es que desde abril, y por primera vez en 60 a\u00f1os, los afiliados de IOMA contar\u00e1n con un servicio de ambulancias gratuito para urgencias y emergencias. El objetivo es garantizar la cobertura a los afiliados que no puedan movilizarse por sus propios medios. <\/p>\n<p>Finalmente, el presidente del Instituto anunci\u00f3 importantes descuentos en estudios de laboratorio bioqu\u00edmicos para los beneficiarios. Al respecto, explic\u00f3 que los afiliados \u201cdesembolsan diariamente cada vez que se van a hacer estudios de laboratorios mucho dinero. Entre 500 y 1000 pesos. Estos montos ser\u00e1n asumidos desde IOMA. Y se va a notar marcadamente en los bolsillos. En total eran 15 millones de pesos que los afiliados pagaban mensualmente\u201d. <\/p>\n<p>Estuvieron presentes en el acto adem\u00e1s del equipo del equipo de gesti\u00f3n de IOMA, el ministro de Trabajo bonaerense, Marcelo Villegas; el titular del sindicato de Salud P\u00fablica, Miguel \u00c1ngel Zubieta; de UPCN, Carlos Quintana; y de SOEME, Susana Mari\u00f1o, entre otros dirigentes gremiales. <\/p>\n","protected":false},"excerpt":{"rendered":"<p>Vidal formul\u00f3 el anuncio junto al actual presidente del Instituto y a su flamante sucesor. Tambi\u00e9n comunic\u00f3 que a partir de abril los beneficiarios de IOMA contar\u00e1n con un nuevo servicio de emergencias y urgencias m\u00e9dicas. La gobernadora bonaerense Mar\u00eda Eugenia Vidal, junto al actual presidente de la Obra Social, Sergio Cassinotti, y su sucesor, [&hellip;]<\/p>\n","protected":false},"author":4,"featured_media":16154,"comment_status":"open","ping_status":"closed","sticky":false,"template":"","format":"standard","meta":{"om_disable_all_campaigns":false,"_jetpack_memberships_contains_paid_content":false,"footnotes":""},"categories":[3],"tags":[],"class_list":["post-16153","post","type-post","status-publish","format-standard","has-post-thumbnail","hentry","category-nacionales"],"aioseo_notices":[],"gutentor_comment":0,"jetpack_featured_media_url":"https:\/\/eldiariodesanpedro.com.ar\/sitio\/wp-content\/uploads\/2017\/03\/DSC9994_-e1489785933926.jpg","jetpack_shortlink":"https:\/\/wp.me\/p6RhLt-4cx","jetpack_sharing_enabled":true,"_links":{"self":[{"href":"https:\/\/eldiariodesanpedro.com.ar\/sitio\/wp-json\/wp\/v2\/posts\/16153","targetHints":{"allow":["GET"]}}],"collection":[{"href":"https:\/\/eldiariodesanpedro.com.ar\/sitio\/wp-json\/wp\/v2\/posts"}],"about":[{"href":"https:\/\/eldiariodesanpedro.com.ar\/sitio\/wp-json\/wp\/v2\/types\/post"}],"author":[{"embeddable":true,"href":"https:\/\/eldiariodesanpedro.com.ar\/sitio\/wp-json\/wp\/v2\/users\/4"}],"replies":[{"embeddable":true,"href":"https:\/\/eldiariodesanpedro.com.ar\/sitio\/wp-json\/wp\/v2\/comments?post=16153"}],"version-history":[{"count":1,"href":"https:\/\/eldiariodesanpedro.com.ar\/sitio\/wp-json\/wp\/v2\/posts\/16153\/revisions"}],"predecessor-version":[{"id":16155,"href":"https:\/\/eldiariodesanpedro.com.ar\/sitio\/wp-json\/wp\/v2\/posts\/16153\/revisions\/16155"}],"wp:featuredmedia":[{"embeddable":true,"href":"https:\/\/eldiariodesanpedro.com.ar\/sitio\/wp-json\/wp\/v2\/media\/16154"}],"wp:attachment":[{"href":"https:\/\/eldiariodesanpedro.com.ar\/sitio\/wp-json\/wp\/v2\/media?parent=16153"}],"wp:term":[{"taxonomy":"category","embeddable":true,"href":"https:\/\/eldiariodesanpedro.com.ar\/sitio\/wp-json\/wp\/v2\/categories?post=16153"},{"taxonomy":"post_tag","embeddable":true,"href":"https:\/\/eldiariodesanpedro.com.ar\/sitio\/wp-json\/wp\/v2\/tags?post=16153"}],"curies":[{"name":"wp","href":"https:\/\/api.w.org\/{rel}","templated":true}]}}