{"id":16150,"date":"2017-03-17T17:22:03","date_gmt":"2017-03-17T20:22:03","guid":{"rendered":"https:\/\/eldiariodesanpedro.com.ar\/sitio\/?p=16150"},"modified":"2017-03-17T17:22:03","modified_gmt":"2017-03-17T20:22:03","slug":"ramanzini-el-intendente-sigue-acomodando-a-familiares-amigos-y-noquis-en-la-municipalidad-y-despues-los-pagan-los-vecinos-con-los-aumentos-de-impuestos","status":"publish","type":"post","link":"https:\/\/eldiariodesanpedro.com.ar\/sitio\/ramanzini-el-intendente-sigue-acomodando-a-familiares-amigos-y-noquis-en-la-municipalidad-y-despues-los-pagan-los-vecinos-con-los-aumentos-de-impuestos\/","title":{"rendered":"Ramanzini: \u00abEl intendente sigue acomodando a familiares, amigos y \u00f1oquis en la municipalidad, y despu\u00e9s los pagan los vecinos con los aumentos de impuestos\u00bb"},"content":{"rendered":"<p><!-- VideographyWP Plugin Message: Automatic video embedding prevented by plugin options. --><br \/>\nAriel Ramanzini, presidente de bloque de concejales  y referente del Frente Renovador de San Pedro, sali\u00f3 al cruce por los nombramientos realizados por el intendente en los \u00faltimos tiempos, el concejal plantea: Desde que empez\u00f3 esta nueva gesti\u00f3n donde prometieron transparencia, bajar la cantidad de empleados que no trabajan, bajar los decretos y las bonificaciones, como tambi\u00e9n las horas extras in\u00fatiles, el intendente ha hecho absolutamente todo lo contrario. Sabemos que todos los meses est\u00e1n entrando familiares de concejales, militantes y familiares del intendente que ingresan a trabajar o se les aumenta el sueldo como por ejemplo el ahora nuevo Subsecretario De Desarrollo Humano. En lo que va de la gesti\u00f3n han ingresado aproximadamente 300 personas, ya que lamentablemente tampoco podemos saber a ciencia cierta, porque todos los pedidos de informaci\u00f3n que le pedimos al intendente no los responde. As\u00ed como no es transparente con la informaci\u00f3n, suponemos que tiene cosas que ocultar, por eso no brinda respuestas a los pedidos de informaci\u00f3n a los concejales de la oposici\u00f3n. <\/p>\n<p>En otra parte de su declaraci\u00f3n el concejal plantea: Durante la campa\u00f1a estas son las cosas que prometieron que iban a cambiar, prometieron que los empleados iban a entrar por concurso, que las iban a tener una gesti\u00f3n transparente,  pero sin embargo el clientelismo y el uso del estado para hacer pol\u00edtica sigue peor que antes. Han nombrado directores por todos lados, secretar\u00edas nuevas se crean m\u00e1s puestos pol\u00edticos, ahora otro familiar del intendente que pasa a ser Subsecretario de Desarrollo Humano, total paga el vecino la fiesta con los aumentos descomunales de tasas y solo parece que est\u00e1n m\u00e1s preocupados por pagar favores pol\u00edticos y acomodar a sus militantes que trabajan en su espacio y en su campa\u00f1a, que por mejorarle la vida a la gente, porque la inseguridad est\u00e1 cada vez peor, las inundaciones, la falta de empleo, las ca\u00f1er\u00edas de aguas, las escuelas en mal estado, no pudieron ni siquiera poner en funcionamiento los turnos telef\u00f3nicos en el hospital. Han hecho algunas obras muy costosas, pero en vez de distribuir el dinero m\u00e1s equitativamente en obras y de esa manera llegar con las mejoras a todo el distrito y las localidades. Ahora van a colocar un asfalto pobre en las calles,  en vez de hacerlo bien como se debe hacer una calle, porque sino luego el vecino paga dos veces esa obra, el \u00fanico sentido de esa obra es hacerlo antes que lleguen las elecciones, pero lamentablemente es un gasto doble para el vecino. Lo triste y lo peor de todo esto , es que son los vecinos quienes pagan este despilfarro de gente con el aumento m\u00e1s del 400% de aumento en las tasas, para que esta militancia y este equipo del intendente siga incorporando m\u00e1s y m\u00e1s empleados sin sentido. Adem\u00e1s yo le pregunto al intendente donde qued\u00f3 la transparencia prometida durante su campa\u00f1a, el ingreso por concurso y la austeridad y respeto por las normas? Sentencia el concejal Ramanzini.<\/p>\n","protected":false},"excerpt":{"rendered":"<p>Ariel Ramanzini, presidente de bloque de concejales y referente del Frente Renovador de San Pedro, sali\u00f3 al cruce por los nombramientos realizados por el intendente en los \u00faltimos tiempos, el concejal plantea: Desde que empez\u00f3 esta nueva gesti\u00f3n donde prometieron transparencia, bajar la cantidad de empleados que no trabajan, bajar los decretos y las bonificaciones, [&hellip;]<\/p>\n","protected":false},"author":4,"featured_media":15244,"comment_status":"open","ping_status":"closed","sticky":false,"template":"","format":"standard","meta":{"om_disable_all_campaigns":false,"_jetpack_memberships_contains_paid_content":false,"footnotes":""},"categories":[50,2,102],"tags":[],"class_list":["post-16150","post","type-post","status-publish","format-standard","has-post-thumbnail","hentry","category-destacadas","category-locales","category-politica-locales"],"aioseo_notices":[],"gutentor_comment":0,"jetpack_featured_media_url":"https:\/\/eldiariodesanpedro.com.ar\/sitio\/wp-content\/uploads\/2017\/02\/Ariel-Ramanzini-realiz\u00f3-varias-donaciones.jpg","jetpack_shortlink":"https:\/\/wp.me\/p6RhLt-4cu","jetpack_sharing_enabled":true,"_links":{"self":[{"href":"https:\/\/eldiariodesanpedro.com.ar\/sitio\/wp-json\/wp\/v2\/posts\/16150","targetHints":{"allow":["GET"]}}],"collection":[{"href":"https:\/\/eldiariodesanpedro.com.ar\/sitio\/wp-json\/wp\/v2\/posts"}],"about":[{"href":"https:\/\/eldiariodesanpedro.com.ar\/sitio\/wp-json\/wp\/v2\/types\/post"}],"author":[{"embeddable":true,"href":"https:\/\/eldiariodesanpedro.com.ar\/sitio\/wp-json\/wp\/v2\/users\/4"}],"replies":[{"embeddable":true,"href":"https:\/\/eldiariodesanpedro.com.ar\/sitio\/wp-json\/wp\/v2\/comments?post=16150"}],"version-history":[{"count":1,"href":"https:\/\/eldiariodesanpedro.com.ar\/sitio\/wp-json\/wp\/v2\/posts\/16150\/revisions"}],"predecessor-version":[{"id":16151,"href":"https:\/\/eldiariodesanpedro.com.ar\/sitio\/wp-json\/wp\/v2\/posts\/16150\/revisions\/16151"}],"wp:featuredmedia":[{"embeddable":true,"href":"https:\/\/eldiariodesanpedro.com.ar\/sitio\/wp-json\/wp\/v2\/media\/15244"}],"wp:attachment":[{"href":"https:\/\/eldiariodesanpedro.com.ar\/sitio\/wp-json\/wp\/v2\/media?parent=16150"}],"wp:term":[{"taxonomy":"category","embeddable":true,"href":"https:\/\/eldiariodesanpedro.com.ar\/sitio\/wp-json\/wp\/v2\/categories?post=16150"},{"taxonomy":"post_tag","embeddable":true,"href":"https:\/\/eldiariodesanpedro.com.ar\/sitio\/wp-json\/wp\/v2\/tags?post=16150"}],"curies":[{"name":"wp","href":"https:\/\/api.w.org\/{rel}","templated":true}]}}