{"id":16147,"date":"2017-03-17T13:08:38","date_gmt":"2017-03-17T16:08:38","guid":{"rendered":"https:\/\/eldiariodesanpedro.com.ar\/sitio\/?p=16147"},"modified":"2026-01-23T23:14:32","modified_gmt":"2026-01-24T02:14:32","slug":"senado-la-justicia-avala-los-despidos-de-2015","status":"publish","type":"post","link":"https:\/\/eldiariodesanpedro.com.ar\/sitio\/senado-la-justicia-avala-los-despidos-de-2015\/","title":{"rendered":"Senado: La justicia avala los despidos de 2015"},"content":{"rendered":"<p><!-- VideographyWP Plugin Message: Automatic video embedding prevented by plugin options. --><br \/>\nLa C\u00e1mara en lo Contencioso Administrativo aval\u00f3 los despidos de empleados del Senado nombrados en los meses en que el kirchnerismo dejaba el poder. Seg\u00fan el dictamen, esas cesant\u00edas, decididas por la vicepresidenta Gabriela Michetti no muestran \u00aben  forma concluyente la configuraci\u00f3n de una arbitrariedad o ilegalidad manifiesta\u00bb.   <\/p>\n<p>La Sala Cuarta del tribunal confirm\u00f3 el rechazo de la acci\u00f3n de amparo presentado por la ex empleada Nayla Gasseuy, quien ingres\u00f3 como \u00abplanta transitoria\u00bb en 2014 y fue \u00abblanqueada\u00bb a fines de 2015 por el ex vicepresidente Amado Boudou.   <\/p>\n<p>Gasseuy hab\u00eda pedido su \u00abreincorporaci\u00f3n en el cargo de planta permanente y el pago de los salarios ca\u00eddos\u00bb, pero el planteo fue rechazado ante \u00abla ausencia de ilegalidad o arbitrariedad  manifiesta del acto de cese\u00bb.   <\/p>\n<p>La gesti\u00f3n de Michetti justific\u00f3 las cesant\u00edas de empleados oficializados en 2015 \u00aben la ilegitimidad de la designaci\u00f3n masiva de personas que revistaban en planta transitoria del  Senado de la Naci\u00f3n manteniendo las mismas condiciones escalafonarias con que hab\u00edan ingresado\u00bb.   <\/p>\n<p>Michetti adujo que \u00abtales nombramientos no obedec\u00edan a necesidades de funcionamiento del Senado e involucraron un aumento del 146% respecto de la planta existente en 2011, que pas\u00f3 de 1.944 a  4.790 agentes; es decir, en ese per\u00edodo ingresaron 2.846 agentes, 2.035 de ellos en el 2015\u00bb.    <\/p>\n<p>La reglamentaci\u00f3n de personal del Senado establece que \u00abel empleado de planta temporaria que sea designado en planta permanente debe cumplir con los requisitos propios para el acceso a esta \u00faltima, entre los que se encuentra el ingreso por el cargo inferior del escalaf\u00f3n\u00bb.    <\/p>\n<p> Pero Gasseuy no fue designada en la categor\u00eda inferior sino  en una alta, A-5, sin que existiera \u00abuna excepci\u00f3n que justificara su nombramiento en varias categor\u00edas por sobre la inferior\u00bb, explica la resoluci\u00f3n, firmada por los camaristasMarcelo Duffy, Jorge  Mor\u00e1n y Rogelio Vincenti.<\/p>\n<p>Ernesto Martinchuk<\/p>\n<p>Periodista Parlamentario<\/p>\n","protected":false},"excerpt":{"rendered":"<p>La C\u00e1mara en lo Contencioso Administrativo aval\u00f3 los despidos de empleados del Senado nombrados en los meses en que el kirchnerismo dejaba el poder. Seg\u00fan el dictamen, esas cesant\u00edas, decididas por la vicepresidenta Gabriela Michetti no muestran \u00aben forma concluyente la configuraci\u00f3n de una arbitrariedad o ilegalidad manifiesta\u00bb. La Sala Cuarta del tribunal confirm\u00f3 el [&hellip;]<\/p>\n","protected":false},"author":4,"featured_media":16148,"comment_status":"open","ping_status":"closed","sticky":false,"template":"","format":"standard","meta":{"om_disable_all_campaigns":false,"_jetpack_memberships_contains_paid_content":false,"footnotes":""},"categories":[3],"tags":[],"class_list":["post-16147","post","type-post","status-publish","format-standard","has-post-thumbnail","hentry","category-nacionales"],"aioseo_notices":[],"gutentor_comment":0,"jetpack_featured_media_url":"https:\/\/eldiariodesanpedro.com.ar\/sitio\/wp-content\/uploads\/2017\/03\/Senado-e1489766884877.jpg","jetpack_shortlink":"https:\/\/wp.me\/p6RhLt-4cr","jetpack_sharing_enabled":true,"_links":{"self":[{"href":"https:\/\/eldiariodesanpedro.com.ar\/sitio\/wp-json\/wp\/v2\/posts\/16147","targetHints":{"allow":["GET"]}}],"collection":[{"href":"https:\/\/eldiariodesanpedro.com.ar\/sitio\/wp-json\/wp\/v2\/posts"}],"about":[{"href":"https:\/\/eldiariodesanpedro.com.ar\/sitio\/wp-json\/wp\/v2\/types\/post"}],"author":[{"embeddable":true,"href":"https:\/\/eldiariodesanpedro.com.ar\/sitio\/wp-json\/wp\/v2\/users\/4"}],"replies":[{"embeddable":true,"href":"https:\/\/eldiariodesanpedro.com.ar\/sitio\/wp-json\/wp\/v2\/comments?post=16147"}],"version-history":[{"count":1,"href":"https:\/\/eldiariodesanpedro.com.ar\/sitio\/wp-json\/wp\/v2\/posts\/16147\/revisions"}],"predecessor-version":[{"id":16149,"href":"https:\/\/eldiariodesanpedro.com.ar\/sitio\/wp-json\/wp\/v2\/posts\/16147\/revisions\/16149"}],"wp:featuredmedia":[{"embeddable":true,"href":"https:\/\/eldiariodesanpedro.com.ar\/sitio\/wp-json\/wp\/v2\/media\/16148"}],"wp:attachment":[{"href":"https:\/\/eldiariodesanpedro.com.ar\/sitio\/wp-json\/wp\/v2\/media?parent=16147"}],"wp:term":[{"taxonomy":"category","embeddable":true,"href":"https:\/\/eldiariodesanpedro.com.ar\/sitio\/wp-json\/wp\/v2\/categories?post=16147"},{"taxonomy":"post_tag","embeddable":true,"href":"https:\/\/eldiariodesanpedro.com.ar\/sitio\/wp-json\/wp\/v2\/tags?post=16147"}],"curies":[{"name":"wp","href":"https:\/\/api.w.org\/{rel}","templated":true}]}}