{"id":16135,"date":"2017-03-17T10:12:34","date_gmt":"2017-03-17T13:12:34","guid":{"rendered":"https:\/\/eldiariodesanpedro.com.ar\/sitio\/?p=16135"},"modified":"2017-03-17T10:13:51","modified_gmt":"2017-03-17T13:13:51","slug":"caravana-del-repudio-a-los-despidos-y-politcas-de-ajustes-en-baradero","status":"publish","type":"post","link":"https:\/\/eldiariodesanpedro.com.ar\/sitio\/caravana-del-repudio-a-los-despidos-y-politcas-de-ajustes-en-baradero\/","title":{"rendered":"Caravana del repudio a los despidos y politicas de ajustes en Baradero"},"content":{"rendered":"<p><!-- VideographyWP Plugin Message: Automatic video embedding prevented by plugin options. --><br \/>\nEste jueves a partir de las 16 hs. los trabajadores, representantes gremiales nucleados en torno a Sindicatos Unidos y vecinos de Baradero participan de la \u201cCaravana del Repudio\u201d contra los despidos y las pol\u00edticas de ajuste del gobierno nacional que han provocado el cierre empresas y el desempleo.<\/p>\n<p>Los veh\u00edculos se juntaron sobre calle Tomas Edison para luego partir por el acceso hasta Ruta Nacional N\u00ba 9, desde all\u00ed a paso muy lento viajaron hasta el puente del Cementerio Privado, dieron la vuelta hasta cerca de Alsina, volviendo por el carril Bs. As. \u2013 Rosario.<\/p>\n<p>Esta acci\u00f3n de protesta provoc\u00f3 embotellamientos y hasta el corte de la autov\u00eda por la gran cantidad de coches que se desplazaban a baja velocidad.<br \/>\nOjala este nuevo mensaje de la comunidad baraderense llegue a los responsables y se pueda revertir esta crisis laboral por la que atraviesa la ciudad.<\/p>\n<p>Baradero<br \/>\nEn este distrito la crisis econ\u00f3mica ha impactado en cuatro de las seis plantas que son motor de la econom\u00eda regional. Al cierre de Atanor, se suman los despidos en Ingredion y las amenazas de recortes en Germaiz, Dontos y BRF.<\/p>\n<p>La qu\u00edmica Atanor que en febrero cerr\u00f3 dos de las cuatro plantas que la empresa tiene instaladas en la provincia de Buenos Aires dej\u00f3 a sesenta operarios de Baradero en la calle. A ello se suma, que la alimenticia Ingredion tiene previsto el despido de 84 trabajadores locales.<br \/>\n\u201cBaradero puede convertirse en una pueblo fantasma si todas las industrias toman la misma decisi\u00f3n\u201d, alert\u00f3 a la prensa Felipe Barrios, secretario general del Sindicato Unidos.<\/p>\n<p>Alejandro G\u00f3mez del Sindicato de Mec\u00e1nicos y Afines del Transporte Automotor (SMATA), en di\u00e1logo con el portal LetraP hizo un panorama de la crisis econ\u00f3mica de esa ciudad. \u201cGermaiz, que provee productos derivado del aceite, cuenta con 50 trabajadores que hace un a\u00f1o que no cobran sueldos; Ingredion, que cuenta con 400 trabajadores, present\u00f3 el preventivo de crisis\u201d, se\u00f1al\u00f3 y agreg\u00f3 que la empresa \u201cquiere reducir uno de los tres turnos, sacando 80 operarios y est\u00e1 hablando con el sindicato para cambiar el convenio laboral y hacerlo m\u00e1s flexible\u201d.<\/p>\n<p>Adem\u00e1s, detall\u00f3 que la alimenticia c\u00e1rnica BRF, \u201ctambi\u00e9n estar\u00edan por presentar el preventivo de crisis, independientemente que ya despidi\u00f3 gente argumentando razones de presentismo\u201d.<\/p>\n<p>FUENTE: BARADERO TE INFORMA (<a href=\"http:\/\/www.baraderoteinforma.com.ar\">www.baraderoteinforma.com.ar<\/a>)<\/p>\n<div data-carousel-extra='{&quot;blog_id&quot;:1,&quot;permalink&quot;:&quot;https:\/\/eldiariodesanpedro.com.ar\/sitio\/caravana-del-repudio-a-los-despidos-y-politcas-de-ajustes-en-baradero\/&quot;}' id='gallery-1' class='gallery galleryid-16135 gallery-columns-3 gallery-size-large'><figure class='gallery-item'>\n\t\t\t<div class='gallery-icon landscape'>\n\t\t\t\t<a href='https:\/\/eldiariodesanpedro.com.ar\/sitio\/caravana-del-repudio-a-los-despidos-y-politcas-de-ajustes-en-baradero\/dsc_5992-640x480\/'><img decoding=\"async\" width=\"635\" height=\"480\" data-src=\"https:\/\/eldiariodesanpedro.com.ar\/sitio\/wp-content\/uploads\/2017\/03\/DSC_5992-640x480.jpg\" class=\"attachment-large size-large lazyload\" alt=\"El Diario de San Pedro | Noticias locales y regionales\" data-srcset=\"https:\/\/eldiariodesanpedro.com.ar\/sitio\/wp-content\/uploads\/2017\/03\/DSC_5992-640x480.jpg 635w, https:\/\/eldiariodesanpedro.com.ar\/sitio\/wp-content\/uploads\/2017\/03\/DSC_5992-640x480-300x227.jpg 300w\" data-sizes=\"(max-width: 635px) 100vw, 635px\" data-attachment-id=\"16144\" data-permalink=\"https:\/\/eldiariodesanpedro.com.ar\/sitio\/caravana-del-repudio-a-los-despidos-y-politcas-de-ajustes-en-baradero\/dsc_5992-640x480\/\" data-orig-file=\"https:\/\/eldiariodesanpedro.com.ar\/sitio\/wp-content\/uploads\/2017\/03\/DSC_5992-640x480.jpg\" data-orig-size=\"635,480\" data-comments-opened=\"1\" data-image-meta=\"{&quot;aperture&quot;:&quot;13&quot;,&quot;credit&quot;:&quot;Picasa&quot;,&quot;camera&quot;:&quot;NIKON D7000&quot;,&quot;caption&quot;:&quot;&quot;,&quot;created_timestamp&quot;:&quot;1489687415&quot;,&quot;copyright&quot;:&quot;&quot;,&quot;focal_length&quot;:&quot;26&quot;,&quot;iso&quot;:&quot;320&quot;,&quot;shutter_speed&quot;:&quot;0.01&quot;,&quot;title&quot;:&quot;&quot;,&quot;orientation&quot;:&quot;0&quot;}\" data-image-title=\"DSC_5992-640&amp;#215;480\" data-image-description=\"\" data-image-caption=\"\" data-large-file=\"https:\/\/eldiariodesanpedro.com.ar\/sitio\/wp-content\/uploads\/2017\/03\/DSC_5992-640x480.jpg\" src=\"data:image\/svg+xml;base64,PHN2ZyB3aWR0aD0iMSIgaGVpZ2h0PSIxIiB4bWxucz0iaHR0cDovL3d3dy53My5vcmcvMjAwMC9zdmciPjwvc3ZnPg==\" style=\"--smush-placeholder-width: 635px; --smush-placeholder-aspect-ratio: 635\/480;\" \/><\/a>\n\t\t\t<\/div><\/figure><figure class='gallery-item'>\n\t\t\t<div class='gallery-icon landscape'>\n\t\t\t\t<a href='https:\/\/eldiariodesanpedro.com.ar\/sitio\/caravana-del-repudio-a-los-despidos-y-politcas-de-ajustes-en-baradero\/dsc_5855-640x480\/'><img decoding=\"async\" width=\"640\" height=\"424\" data-src=\"https:\/\/eldiariodesanpedro.com.ar\/sitio\/wp-content\/uploads\/2017\/03\/DSC_5855-640x480.jpg\" class=\"attachment-large size-large lazyload\" alt=\"El Diario de San Pedro | Noticias locales y regionales\" data-srcset=\"https:\/\/eldiariodesanpedro.com.ar\/sitio\/wp-content\/uploads\/2017\/03\/DSC_5855-640x480.jpg 640w, https:\/\/eldiariodesanpedro.com.ar\/sitio\/wp-content\/uploads\/2017\/03\/DSC_5855-640x480-300x199.jpg 300w\" data-sizes=\"(max-width: 640px) 100vw, 640px\" data-attachment-id=\"16143\" data-permalink=\"https:\/\/eldiariodesanpedro.com.ar\/sitio\/caravana-del-repudio-a-los-despidos-y-politcas-de-ajustes-en-baradero\/dsc_5855-640x480\/\" data-orig-file=\"https:\/\/eldiariodesanpedro.com.ar\/sitio\/wp-content\/uploads\/2017\/03\/DSC_5855-640x480.jpg\" data-orig-size=\"640,424\" data-comments-opened=\"1\" data-image-meta=\"{&quot;aperture&quot;:&quot;11&quot;,&quot;credit&quot;:&quot;&quot;,&quot;camera&quot;:&quot;NIKON D7000&quot;,&quot;caption&quot;:&quot;&quot;,&quot;created_timestamp&quot;:&quot;1489684147&quot;,&quot;copyright&quot;:&quot;&quot;,&quot;focal_length&quot;:&quot;58&quot;,&quot;iso&quot;:&quot;1600&quot;,&quot;shutter_speed&quot;:&quot;0.0005&quot;,&quot;title&quot;:&quot;&quot;,&quot;orientation&quot;:&quot;1&quot;}\" data-image-title=\"DSC_5855-640&amp;#215;480\" data-image-description=\"\" data-image-caption=\"\" data-large-file=\"https:\/\/eldiariodesanpedro.com.ar\/sitio\/wp-content\/uploads\/2017\/03\/DSC_5855-640x480.jpg\" src=\"data:image\/svg+xml;base64,PHN2ZyB3aWR0aD0iMSIgaGVpZ2h0PSIxIiB4bWxucz0iaHR0cDovL3d3dy53My5vcmcvMjAwMC9zdmciPjwvc3ZnPg==\" style=\"--smush-placeholder-width: 640px; --smush-placeholder-aspect-ratio: 640\/424;\" \/><\/a>\n\t\t\t<\/div><\/figure><figure class='gallery-item'>\n\t\t\t<div class='gallery-icon landscape'>\n\t\t\t\t<a href='https:\/\/eldiariodesanpedro.com.ar\/sitio\/caravana-del-repudio-a-los-despidos-y-politcas-de-ajustes-en-baradero\/dsc_5853-640x480-2\/'><img decoding=\"async\" width=\"640\" height=\"381\" data-src=\"https:\/\/eldiariodesanpedro.com.ar\/sitio\/wp-content\/uploads\/2017\/03\/DSC_5853-640x480-1.jpg\" class=\"attachment-large size-large lazyload\" alt=\"El Diario de San Pedro | Noticias locales y regionales\" data-srcset=\"https:\/\/eldiariodesanpedro.com.ar\/sitio\/wp-content\/uploads\/2017\/03\/DSC_5853-640x480-1.jpg 640w, https:\/\/eldiariodesanpedro.com.ar\/sitio\/wp-content\/uploads\/2017\/03\/DSC_5853-640x480-1-300x179.jpg 300w\" data-sizes=\"(max-width: 640px) 100vw, 640px\" data-attachment-id=\"16142\" data-permalink=\"https:\/\/eldiariodesanpedro.com.ar\/sitio\/caravana-del-repudio-a-los-despidos-y-politcas-de-ajustes-en-baradero\/dsc_5853-640x480-2\/\" data-orig-file=\"https:\/\/eldiariodesanpedro.com.ar\/sitio\/wp-content\/uploads\/2017\/03\/DSC_5853-640x480-1.jpg\" data-orig-size=\"640,381\" data-comments-opened=\"1\" data-image-meta=\"{&quot;aperture&quot;:&quot;13&quot;,&quot;credit&quot;:&quot;Picasa&quot;,&quot;camera&quot;:&quot;NIKON D7000&quot;,&quot;caption&quot;:&quot;&quot;,&quot;created_timestamp&quot;:&quot;1489684131&quot;,&quot;copyright&quot;:&quot;&quot;,&quot;focal_length&quot;:&quot;105&quot;,&quot;iso&quot;:&quot;1600&quot;,&quot;shutter_speed&quot;:&quot;0.0004&quot;,&quot;title&quot;:&quot;&quot;,&quot;orientation&quot;:&quot;0&quot;}\" data-image-title=\"DSC_5853-640&amp;#215;480\" data-image-description=\"\" data-image-caption=\"\" data-large-file=\"https:\/\/eldiariodesanpedro.com.ar\/sitio\/wp-content\/uploads\/2017\/03\/DSC_5853-640x480-1.jpg\" src=\"data:image\/svg+xml;base64,PHN2ZyB3aWR0aD0iMSIgaGVpZ2h0PSIxIiB4bWxucz0iaHR0cDovL3d3dy53My5vcmcvMjAwMC9zdmciPjwvc3ZnPg==\" style=\"--smush-placeholder-width: 640px; --smush-placeholder-aspect-ratio: 640\/381;\" \/><\/a>\n\t\t\t<\/div><\/figure><figure class='gallery-item'>\n\t\t\t<div class='gallery-icon landscape'>\n\t\t\t\t<a href='https:\/\/eldiariodesanpedro.com.ar\/sitio\/caravana-del-repudio-a-los-despidos-y-politcas-de-ajustes-en-baradero\/dsc_5848-640x480\/'><img decoding=\"async\" width=\"640\" height=\"424\" data-src=\"https:\/\/eldiariodesanpedro.com.ar\/sitio\/wp-content\/uploads\/2017\/03\/DSC_5848-640x480.jpg\" class=\"attachment-large size-large lazyload\" alt=\"El Diario de San Pedro | Noticias locales y regionales\" data-srcset=\"https:\/\/eldiariodesanpedro.com.ar\/sitio\/wp-content\/uploads\/2017\/03\/DSC_5848-640x480.jpg 640w, https:\/\/eldiariodesanpedro.com.ar\/sitio\/wp-content\/uploads\/2017\/03\/DSC_5848-640x480-300x199.jpg 300w\" data-sizes=\"(max-width: 640px) 100vw, 640px\" data-attachment-id=\"16141\" data-permalink=\"https:\/\/eldiariodesanpedro.com.ar\/sitio\/caravana-del-repudio-a-los-despidos-y-politcas-de-ajustes-en-baradero\/dsc_5848-640x480\/\" data-orig-file=\"https:\/\/eldiariodesanpedro.com.ar\/sitio\/wp-content\/uploads\/2017\/03\/DSC_5848-640x480.jpg\" data-orig-size=\"640,424\" data-comments-opened=\"1\" data-image-meta=\"{&quot;aperture&quot;:&quot;11&quot;,&quot;credit&quot;:&quot;Picasa&quot;,&quot;camera&quot;:&quot;NIKON D7000&quot;,&quot;caption&quot;:&quot;&quot;,&quot;created_timestamp&quot;:&quot;1489684062&quot;,&quot;copyright&quot;:&quot;&quot;,&quot;focal_length&quot;:&quot;105&quot;,&quot;iso&quot;:&quot;1600&quot;,&quot;shutter_speed&quot;:&quot;0.0005&quot;,&quot;title&quot;:&quot;&quot;,&quot;orientation&quot;:&quot;0&quot;}\" data-image-title=\"DSC_5848-640&amp;#215;480\" data-image-description=\"\" data-image-caption=\"\" data-large-file=\"https:\/\/eldiariodesanpedro.com.ar\/sitio\/wp-content\/uploads\/2017\/03\/DSC_5848-640x480.jpg\" src=\"data:image\/svg+xml;base64,PHN2ZyB3aWR0aD0iMSIgaGVpZ2h0PSIxIiB4bWxucz0iaHR0cDovL3d3dy53My5vcmcvMjAwMC9zdmciPjwvc3ZnPg==\" style=\"--smush-placeholder-width: 640px; --smush-placeholder-aspect-ratio: 640\/424;\" \/><\/a>\n\t\t\t<\/div><\/figure><figure class='gallery-item'>\n\t\t\t<div class='gallery-icon landscape'>\n\t\t\t\t<a href='https:\/\/eldiariodesanpedro.com.ar\/sitio\/caravana-del-repudio-a-los-despidos-y-politcas-de-ajustes-en-baradero\/dsc_5843-640x480\/'><img decoding=\"async\" width=\"640\" height=\"424\" data-src=\"https:\/\/eldiariodesanpedro.com.ar\/sitio\/wp-content\/uploads\/2017\/03\/DSC_5843-640x480.jpg\" class=\"attachment-large size-large lazyload\" alt=\"El Diario de San Pedro | Noticias locales y regionales\" data-srcset=\"https:\/\/eldiariodesanpedro.com.ar\/sitio\/wp-content\/uploads\/2017\/03\/DSC_5843-640x480.jpg 640w, https:\/\/eldiariodesanpedro.com.ar\/sitio\/wp-content\/uploads\/2017\/03\/DSC_5843-640x480-300x199.jpg 300w\" data-sizes=\"(max-width: 640px) 100vw, 640px\" data-attachment-id=\"16140\" data-permalink=\"https:\/\/eldiariodesanpedro.com.ar\/sitio\/caravana-del-repudio-a-los-despidos-y-politcas-de-ajustes-en-baradero\/dsc_5843-640x480\/\" data-orig-file=\"https:\/\/eldiariodesanpedro.com.ar\/sitio\/wp-content\/uploads\/2017\/03\/DSC_5843-640x480.jpg\" data-orig-size=\"640,424\" data-comments-opened=\"1\" data-image-meta=\"{&quot;aperture&quot;:&quot;13&quot;,&quot;credit&quot;:&quot;Picasa&quot;,&quot;camera&quot;:&quot;NIKON D7000&quot;,&quot;caption&quot;:&quot;&quot;,&quot;created_timestamp&quot;:&quot;1489683961&quot;,&quot;copyright&quot;:&quot;&quot;,&quot;focal_length&quot;:&quot;105&quot;,&quot;iso&quot;:&quot;1600&quot;,&quot;shutter_speed&quot;:&quot;0.0004&quot;,&quot;title&quot;:&quot;&quot;,&quot;orientation&quot;:&quot;0&quot;}\" data-image-title=\"DSC_5843-640&amp;#215;480\" data-image-description=\"\" data-image-caption=\"\" data-large-file=\"https:\/\/eldiariodesanpedro.com.ar\/sitio\/wp-content\/uploads\/2017\/03\/DSC_5843-640x480.jpg\" src=\"data:image\/svg+xml;base64,PHN2ZyB3aWR0aD0iMSIgaGVpZ2h0PSIxIiB4bWxucz0iaHR0cDovL3d3dy53My5vcmcvMjAwMC9zdmciPjwvc3ZnPg==\" style=\"--smush-placeholder-width: 640px; --smush-placeholder-aspect-ratio: 640\/424;\" \/><\/a>\n\t\t\t<\/div><\/figure><figure class='gallery-item'>\n\t\t\t<div class='gallery-icon landscape'>\n\t\t\t\t<a href='https:\/\/eldiariodesanpedro.com.ar\/sitio\/caravana-del-repudio-a-los-despidos-y-politcas-de-ajustes-en-baradero\/dsc_5831-640x480\/'><img decoding=\"async\" width=\"640\" height=\"424\" data-src=\"https:\/\/eldiariodesanpedro.com.ar\/sitio\/wp-content\/uploads\/2017\/03\/DSC_5831-640x480.jpg\" class=\"attachment-large size-large lazyload\" alt=\"El Diario de San Pedro | Noticias locales y regionales\" data-srcset=\"https:\/\/eldiariodesanpedro.com.ar\/sitio\/wp-content\/uploads\/2017\/03\/DSC_5831-640x480.jpg 640w, https:\/\/eldiariodesanpedro.com.ar\/sitio\/wp-content\/uploads\/2017\/03\/DSC_5831-640x480-300x199.jpg 300w\" data-sizes=\"(max-width: 640px) 100vw, 640px\" data-attachment-id=\"16139\" data-permalink=\"https:\/\/eldiariodesanpedro.com.ar\/sitio\/caravana-del-repudio-a-los-despidos-y-politcas-de-ajustes-en-baradero\/dsc_5831-640x480\/\" data-orig-file=\"https:\/\/eldiariodesanpedro.com.ar\/sitio\/wp-content\/uploads\/2017\/03\/DSC_5831-640x480.jpg\" data-orig-size=\"640,424\" data-comments-opened=\"1\" data-image-meta=\"{&quot;aperture&quot;:&quot;10&quot;,&quot;credit&quot;:&quot;&quot;,&quot;camera&quot;:&quot;NIKON D7000&quot;,&quot;caption&quot;:&quot;&quot;,&quot;created_timestamp&quot;:&quot;1489683341&quot;,&quot;copyright&quot;:&quot;&quot;,&quot;focal_length&quot;:&quot;105&quot;,&quot;iso&quot;:&quot;1600&quot;,&quot;shutter_speed&quot;:&quot;0.000625&quot;,&quot;title&quot;:&quot;&quot;,&quot;orientation&quot;:&quot;1&quot;}\" data-image-title=\"DSC_5831-640&amp;#215;480\" data-image-description=\"\" data-image-caption=\"\" data-large-file=\"https:\/\/eldiariodesanpedro.com.ar\/sitio\/wp-content\/uploads\/2017\/03\/DSC_5831-640x480.jpg\" src=\"data:image\/svg+xml;base64,PHN2ZyB3aWR0aD0iMSIgaGVpZ2h0PSIxIiB4bWxucz0iaHR0cDovL3d3dy53My5vcmcvMjAwMC9zdmciPjwvc3ZnPg==\" style=\"--smush-placeholder-width: 640px; --smush-placeholder-aspect-ratio: 640\/424;\" \/><\/a>\n\t\t\t<\/div><\/figure><figure class='gallery-item'>\n\t\t\t<div class='gallery-icon portrait'>\n\t\t\t\t<a href='https:\/\/eldiariodesanpedro.com.ar\/sitio\/caravana-del-repudio-a-los-despidos-y-politcas-de-ajustes-en-baradero\/dsc_5781-640x480\/'><img decoding=\"async\" width=\"424\" height=\"640\" data-src=\"https:\/\/eldiariodesanpedro.com.ar\/sitio\/wp-content\/uploads\/2017\/03\/DSC_5781-640x480.jpg\" class=\"attachment-large size-large lazyload\" alt=\"El Diario de San Pedro | Noticias locales y regionales\" data-srcset=\"https:\/\/eldiariodesanpedro.com.ar\/sitio\/wp-content\/uploads\/2017\/03\/DSC_5781-640x480.jpg 424w, https:\/\/eldiariodesanpedro.com.ar\/sitio\/wp-content\/uploads\/2017\/03\/DSC_5781-640x480-199x300.jpg 199w\" data-sizes=\"(max-width: 424px) 100vw, 424px\" data-attachment-id=\"16138\" data-permalink=\"https:\/\/eldiariodesanpedro.com.ar\/sitio\/caravana-del-repudio-a-los-despidos-y-politcas-de-ajustes-en-baradero\/dsc_5781-640x480\/\" data-orig-file=\"https:\/\/eldiariodesanpedro.com.ar\/sitio\/wp-content\/uploads\/2017\/03\/DSC_5781-640x480.jpg\" data-orig-size=\"424,640\" data-comments-opened=\"1\" data-image-meta=\"{&quot;aperture&quot;:&quot;10&quot;,&quot;credit&quot;:&quot;Picasa&quot;,&quot;camera&quot;:&quot;NIKON D7000&quot;,&quot;caption&quot;:&quot;&quot;,&quot;created_timestamp&quot;:&quot;1489682367&quot;,&quot;copyright&quot;:&quot;&quot;,&quot;focal_length&quot;:&quot;105&quot;,&quot;iso&quot;:&quot;1600&quot;,&quot;shutter_speed&quot;:&quot;0.000625&quot;,&quot;title&quot;:&quot;&quot;,&quot;orientation&quot;:&quot;0&quot;}\" data-image-title=\"DSC_5781-640&amp;#215;480\" data-image-description=\"\" data-image-caption=\"\" data-large-file=\"https:\/\/eldiariodesanpedro.com.ar\/sitio\/wp-content\/uploads\/2017\/03\/DSC_5781-640x480.jpg\" src=\"data:image\/svg+xml;base64,PHN2ZyB3aWR0aD0iMSIgaGVpZ2h0PSIxIiB4bWxucz0iaHR0cDovL3d3dy53My5vcmcvMjAwMC9zdmciPjwvc3ZnPg==\" style=\"--smush-placeholder-width: 424px; --smush-placeholder-aspect-ratio: 424\/640;\" \/><\/a>\n\t\t\t<\/div><\/figure><figure class='gallery-item'>\n\t\t\t<div class='gallery-icon landscape'>\n\t\t\t\t<a href='https:\/\/eldiariodesanpedro.com.ar\/sitio\/caravana-del-repudio-a-los-despidos-y-politcas-de-ajustes-en-baradero\/dsc_0292-640x480\/'><img decoding=\"async\" width=\"640\" height=\"427\" data-src=\"https:\/\/eldiariodesanpedro.com.ar\/sitio\/wp-content\/uploads\/2017\/03\/DSC_0292-640x480.jpg\" class=\"attachment-large size-large lazyload\" alt=\"El Diario de San Pedro | Noticias locales y regionales\" data-srcset=\"https:\/\/eldiariodesanpedro.com.ar\/sitio\/wp-content\/uploads\/2017\/03\/DSC_0292-640x480.jpg 640w, https:\/\/eldiariodesanpedro.com.ar\/sitio\/wp-content\/uploads\/2017\/03\/DSC_0292-640x480-300x200.jpg 300w\" data-sizes=\"(max-width: 640px) 100vw, 640px\" data-attachment-id=\"16137\" data-permalink=\"https:\/\/eldiariodesanpedro.com.ar\/sitio\/caravana-del-repudio-a-los-despidos-y-politcas-de-ajustes-en-baradero\/dsc_0292-640x480\/\" data-orig-file=\"https:\/\/eldiariodesanpedro.com.ar\/sitio\/wp-content\/uploads\/2017\/03\/DSC_0292-640x480.jpg\" data-orig-size=\"640,427\" data-comments-opened=\"1\" data-image-meta=\"{&quot;aperture&quot;:&quot;5.6&quot;,&quot;credit&quot;:&quot;Picasa&quot;,&quot;camera&quot;:&quot;NIKON D3100&quot;,&quot;caption&quot;:&quot;&quot;,&quot;created_timestamp&quot;:&quot;1405740142&quot;,&quot;copyright&quot;:&quot;&quot;,&quot;focal_length&quot;:&quot;110&quot;,&quot;iso&quot;:&quot;110&quot;,&quot;shutter_speed&quot;:&quot;0.002&quot;,&quot;title&quot;:&quot;&quot;,&quot;orientation&quot;:&quot;0&quot;}\" data-image-title=\"DSC_0292-640&amp;#215;480\" data-image-description=\"\" data-image-caption=\"\" data-large-file=\"https:\/\/eldiariodesanpedro.com.ar\/sitio\/wp-content\/uploads\/2017\/03\/DSC_0292-640x480.jpg\" src=\"data:image\/svg+xml;base64,PHN2ZyB3aWR0aD0iMSIgaGVpZ2h0PSIxIiB4bWxucz0iaHR0cDovL3d3dy53My5vcmcvMjAwMC9zdmciPjwvc3ZnPg==\" style=\"--smush-placeholder-width: 640px; --smush-placeholder-aspect-ratio: 640\/427;\" \/><\/a>\n\t\t\t<\/div><\/figure>\n\t\t<\/div>\n\n","protected":false},"excerpt":{"rendered":"<p>Este jueves a partir de las 16 hs. los trabajadores, representantes gremiales nucleados en torno a Sindicatos Unidos y vecinos de Baradero participan de la \u201cCaravana del Repudio\u201d contra los despidos y las pol\u00edticas de ajuste del gobierno nacional que han provocado el cierre empresas y el desempleo. Los veh\u00edculos se juntaron sobre calle Tomas [&hellip;]<\/p>\n","protected":false},"author":4,"featured_media":16136,"comment_status":"open","ping_status":"closed","sticky":false,"template":"","format":"standard","meta":{"om_disable_all_campaigns":false,"_jetpack_memberships_contains_paid_content":false,"footnotes":""},"categories":[50,621],"tags":[],"class_list":["post-16135","post","type-post","status-publish","format-standard","has-post-thumbnail","hentry","category-destacadas","category-regionales"],"aioseo_notices":[],"gutentor_comment":0,"jetpack_featured_media_url":"https:\/\/eldiariodesanpedro.com.ar\/sitio\/wp-content\/uploads\/2017\/03\/DSC_5853-640x480.jpg","jetpack_shortlink":"https:\/\/wp.me\/p6RhLt-4cf","jetpack_sharing_enabled":true,"_links":{"self":[{"href":"https:\/\/eldiariodesanpedro.com.ar\/sitio\/wp-json\/wp\/v2\/posts\/16135","targetHints":{"allow":["GET"]}}],"collection":[{"href":"https:\/\/eldiariodesanpedro.com.ar\/sitio\/wp-json\/wp\/v2\/posts"}],"about":[{"href":"https:\/\/eldiariodesanpedro.com.ar\/sitio\/wp-json\/wp\/v2\/types\/post"}],"author":[{"embeddable":true,"href":"https:\/\/eldiariodesanpedro.com.ar\/sitio\/wp-json\/wp\/v2\/users\/4"}],"replies":[{"embeddable":true,"href":"https:\/\/eldiariodesanpedro.com.ar\/sitio\/wp-json\/wp\/v2\/comments?post=16135"}],"version-history":[{"count":2,"href":"https:\/\/eldiariodesanpedro.com.ar\/sitio\/wp-json\/wp\/v2\/posts\/16135\/revisions"}],"predecessor-version":[{"id":16146,"href":"https:\/\/eldiariodesanpedro.com.ar\/sitio\/wp-json\/wp\/v2\/posts\/16135\/revisions\/16146"}],"wp:featuredmedia":[{"embeddable":true,"href":"https:\/\/eldiariodesanpedro.com.ar\/sitio\/wp-json\/wp\/v2\/media\/16136"}],"wp:attachment":[{"href":"https:\/\/eldiariodesanpedro.com.ar\/sitio\/wp-json\/wp\/v2\/media?parent=16135"}],"wp:term":[{"taxonomy":"category","embeddable":true,"href":"https:\/\/eldiariodesanpedro.com.ar\/sitio\/wp-json\/wp\/v2\/categories?post=16135"},{"taxonomy":"post_tag","embeddable":true,"href":"https:\/\/eldiariodesanpedro.com.ar\/sitio\/wp-json\/wp\/v2\/tags?post=16135"}],"curies":[{"name":"wp","href":"https:\/\/api.w.org\/{rel}","templated":true}]}}