{"id":16127,"date":"2017-03-17T09:24:09","date_gmt":"2017-03-17T12:24:09","guid":{"rendered":"https:\/\/eldiariodesanpedro.com.ar\/sitio\/?p=16127"},"modified":"2017-03-17T09:24:09","modified_gmt":"2017-03-17T12:24:09","slug":"recuperan-moto-robada-en-2016-y-detienen-una-persona-con-pedido-de-captura","status":"publish","type":"post","link":"https:\/\/eldiariodesanpedro.com.ar\/sitio\/recuperan-moto-robada-en-2016-y-detienen-una-persona-con-pedido-de-captura\/","title":{"rendered":"Recuperan moto robada en 2016 y detienen una persona con pedido de captura"},"content":{"rendered":"<p><!-- VideographyWP Plugin Message: Automatic video embedding prevented by plugin options. --><br \/>\nEn horas de la ma\u00f1ana de ayer personal de polic\u00eda local procedi\u00f3 a la aprehensi\u00f3n de una mujer mayor de edad a quien se le secuestro una motocicleta Gilera Smash 110 cc color gris la cual pose\u00eda pedido de captura activo desde el dia 04 de noviembre de 2011. El magistrado de intervenci\u00f3n dispuso notificaci\u00f3n de la formaci\u00f3n de la causa a la imputada y luego de cumplir las diligencias de rigor recuper\u00f3 la libertad.<\/p>\n<p>Ademas polic\u00eda de la comisaria de nuestras ciudad en el d\u00eda de ayer procedi\u00f3 a la aprehensi\u00f3n de un hombre mayor de edad al cual le pesaba un pedido de detenci\u00f3n por desobediencia desde el a\u00f1o 2009 a pedido del Departamento Judicial de San Mart\u00edn. Se lo demoro hasta que el magistrado intervino y dispuso se notifique al mismo que debe presentarse en la sede judicial a la brevedad para regularizar su situaci\u00f3n y luego se retiro de la dependencia.<\/p>\n","protected":false},"excerpt":{"rendered":"<p>En horas de la ma\u00f1ana de ayer personal de polic\u00eda local procedi\u00f3 a la aprehensi\u00f3n de una mujer mayor de edad a quien se le secuestro una motocicleta Gilera Smash 110 cc color gris la cual pose\u00eda pedido de captura activo desde el dia 04 de noviembre de 2011. El magistrado de intervenci\u00f3n dispuso notificaci\u00f3n [&hellip;]<\/p>\n","protected":false},"author":4,"featured_media":5635,"comment_status":"open","ping_status":"closed","sticky":false,"template":"","format":"standard","meta":{"om_disable_all_campaigns":false,"_jetpack_memberships_contains_paid_content":false,"footnotes":""},"categories":[2,103],"tags":[],"class_list":["post-16127","post","type-post","status-publish","format-standard","has-post-thumbnail","hentry","category-locales","category-policiales-locales"],"aioseo_notices":[],"gutentor_comment":0,"jetpack_featured_media_url":"https:\/\/eldiariodesanpedro.com.ar\/sitio\/wp-content\/uploads\/2016\/06\/comisaria-sanpedro.jpg","jetpack_shortlink":"https:\/\/wp.me\/p6RhLt-4c7","jetpack_sharing_enabled":true,"_links":{"self":[{"href":"https:\/\/eldiariodesanpedro.com.ar\/sitio\/wp-json\/wp\/v2\/posts\/16127","targetHints":{"allow":["GET"]}}],"collection":[{"href":"https:\/\/eldiariodesanpedro.com.ar\/sitio\/wp-json\/wp\/v2\/posts"}],"about":[{"href":"https:\/\/eldiariodesanpedro.com.ar\/sitio\/wp-json\/wp\/v2\/types\/post"}],"author":[{"embeddable":true,"href":"https:\/\/eldiariodesanpedro.com.ar\/sitio\/wp-json\/wp\/v2\/users\/4"}],"replies":[{"embeddable":true,"href":"https:\/\/eldiariodesanpedro.com.ar\/sitio\/wp-json\/wp\/v2\/comments?post=16127"}],"version-history":[{"count":1,"href":"https:\/\/eldiariodesanpedro.com.ar\/sitio\/wp-json\/wp\/v2\/posts\/16127\/revisions"}],"predecessor-version":[{"id":16128,"href":"https:\/\/eldiariodesanpedro.com.ar\/sitio\/wp-json\/wp\/v2\/posts\/16127\/revisions\/16128"}],"wp:featuredmedia":[{"embeddable":true,"href":"https:\/\/eldiariodesanpedro.com.ar\/sitio\/wp-json\/wp\/v2\/media\/5635"}],"wp:attachment":[{"href":"https:\/\/eldiariodesanpedro.com.ar\/sitio\/wp-json\/wp\/v2\/media?parent=16127"}],"wp:term":[{"taxonomy":"category","embeddable":true,"href":"https:\/\/eldiariodesanpedro.com.ar\/sitio\/wp-json\/wp\/v2\/categories?post=16127"},{"taxonomy":"post_tag","embeddable":true,"href":"https:\/\/eldiariodesanpedro.com.ar\/sitio\/wp-json\/wp\/v2\/tags?post=16127"}],"curies":[{"name":"wp","href":"https:\/\/api.w.org\/{rel}","templated":true}]}}