{"id":16121,"date":"2017-03-16T20:59:21","date_gmt":"2017-03-16T23:59:21","guid":{"rendered":"https:\/\/eldiariodesanpedro.com.ar\/sitio\/?p=16121"},"modified":"2026-01-24T00:30:45","modified_gmt":"2026-01-24T03:30:45","slug":"patin-abril-logro-pasar-a-la-etapa-de-clasificacion","status":"publish","type":"post","link":"https:\/\/eldiariodesanpedro.com.ar\/sitio\/patin-abril-logro-pasar-a-la-etapa-de-clasificacion\/","title":{"rendered":"PAT\u00cdN: Abril logr\u00f3 pasar a la etapa de clasificaci\u00f3n"},"content":{"rendered":"<p><!-- VideographyWP Plugin Message: Automatic video embedding prevented by plugin options. --><br \/>\n  En la etapa llevada a cabo en el Polideportivo Islas Malvinas, en la ciudad de Mar del Plata, Abril Medina Casco pas\u00f3 a la Revisi\u00f3n Nacional de atletas, que se llevar\u00e1 a cabo en el mes de abril en Villa Mar\u00eda, C\u00f3rdoba. \u00a1Primer objetivo cumplido!.<\/p>\n<p>  Abril clasific\u00f3 al Sudamericano de pat\u00edn. Durante los d\u00edas 13 al 19 de marzo se llev\u00f3 a cabo el torneo Open Nacional y Open Sudamericano. El d\u00eda martes la joven logr\u00f3 conseguir su pase al Sudamericano, que se realizar\u00e1 en el mes de abril en nuestro pa\u00eds. Ahora junto a sus compa\u00f1eras, se preparan para el selectivo del Campeonato Argentino Divisional B.<\/p>\n","protected":false},"excerpt":{"rendered":"<p>En la etapa llevada a cabo en el Polideportivo Islas Malvinas, en la ciudad de Mar del Plata, Abril Medina Casco pas\u00f3 a la Revisi\u00f3n Nacional de atletas, que se llevar\u00e1 a cabo en el mes de abril en Villa Mar\u00eda, C\u00f3rdoba. \u00a1Primer objetivo cumplido!. Abril clasific\u00f3 al Sudamericano de pat\u00edn. Durante los d\u00edas 13 [&hellip;]<\/p>\n","protected":false},"author":4,"featured_media":16122,"comment_status":"open","ping_status":"closed","sticky":false,"template":"","format":"standard","meta":{"om_disable_all_campaigns":false,"_jetpack_memberships_contains_paid_content":false,"footnotes":""},"categories":[5],"tags":[],"class_list":["post-16121","post","type-post","status-publish","format-standard","has-post-thumbnail","hentry","category-deportes"],"aioseo_notices":[],"gutentor_comment":0,"jetpack_featured_media_url":"https:\/\/eldiariodesanpedro.com.ar\/sitio\/wp-content\/uploads\/2017\/03\/Patin-Artistico-Sudamericano.jpg","jetpack_shortlink":"https:\/\/wp.me\/p6RhLt-4c1","jetpack_sharing_enabled":true,"_links":{"self":[{"href":"https:\/\/eldiariodesanpedro.com.ar\/sitio\/wp-json\/wp\/v2\/posts\/16121","targetHints":{"allow":["GET"]}}],"collection":[{"href":"https:\/\/eldiariodesanpedro.com.ar\/sitio\/wp-json\/wp\/v2\/posts"}],"about":[{"href":"https:\/\/eldiariodesanpedro.com.ar\/sitio\/wp-json\/wp\/v2\/types\/post"}],"author":[{"embeddable":true,"href":"https:\/\/eldiariodesanpedro.com.ar\/sitio\/wp-json\/wp\/v2\/users\/4"}],"replies":[{"embeddable":true,"href":"https:\/\/eldiariodesanpedro.com.ar\/sitio\/wp-json\/wp\/v2\/comments?post=16121"}],"version-history":[{"count":1,"href":"https:\/\/eldiariodesanpedro.com.ar\/sitio\/wp-json\/wp\/v2\/posts\/16121\/revisions"}],"predecessor-version":[{"id":16123,"href":"https:\/\/eldiariodesanpedro.com.ar\/sitio\/wp-json\/wp\/v2\/posts\/16121\/revisions\/16123"}],"wp:featuredmedia":[{"embeddable":true,"href":"https:\/\/eldiariodesanpedro.com.ar\/sitio\/wp-json\/wp\/v2\/media\/16122"}],"wp:attachment":[{"href":"https:\/\/eldiariodesanpedro.com.ar\/sitio\/wp-json\/wp\/v2\/media?parent=16121"}],"wp:term":[{"taxonomy":"category","embeddable":true,"href":"https:\/\/eldiariodesanpedro.com.ar\/sitio\/wp-json\/wp\/v2\/categories?post=16121"},{"taxonomy":"post_tag","embeddable":true,"href":"https:\/\/eldiariodesanpedro.com.ar\/sitio\/wp-json\/wp\/v2\/tags?post=16121"}],"curies":[{"name":"wp","href":"https:\/\/api.w.org\/{rel}","templated":true}]}}