{"id":16116,"date":"2017-03-16T20:44:27","date_gmt":"2017-03-16T23:44:27","guid":{"rendered":"https:\/\/eldiariodesanpedro.com.ar\/sitio\/?p=16116"},"modified":"2026-01-24T00:30:46","modified_gmt":"2026-01-24T03:30:46","slug":"ciclismo-confirmado-desde-manana-en-el-cenard-concentra-juan-jose-paz-nota-al-tecnico-martin-ferrari","status":"publish","type":"post","link":"https:\/\/eldiariodesanpedro.com.ar\/sitio\/ciclismo-confirmado-desde-manana-en-el-cenard-concentra-juan-jose-paz-nota-al-tecnico-martin-ferrari\/","title":{"rendered":"CICLISMO, Confirmado: Desde ma\u00f1ana, en el Cenard, concentra Juan Jos\u00e9 Paz. Nota al t\u00e9cnico Mart\u00edn Ferrari"},"content":{"rendered":"<p><!-- VideographyWP Plugin Message: Automatic video embedding prevented by plugin options. --><br \/>\n  En la ma\u00f1ana del mi\u00e9rcoles, en el programa \u00abPrimera Plana\u00bb, que emite FM G\u00e9nesis, en el espacio \u00abEl Cl\u00e1sico Deportes\u00bb, estuvo dialogando el Jefe de Entrenadores del Enard y Secretar\u00eda de Deportes de la Naci\u00f3n: Profesor Mart\u00edn \u00abPampa\u00bb Ferrari, qui\u00e9n sobre ciclismo confirm\u00f3 la convocatoria a Juan Jos\u00e9 Paz, para el pr\u00f3ximo viernes en el Enard y esto dec\u00eda: <\/p>\n<p>  \u00abJuan tuvo un buen rendimiento durante el \u00faltimo tiempo y se destaca en todas las competencias donde participa; nosotros con la Secretar\u00eda de Deportes de la Naci\u00f3n y el Enard, estamos trabajando mirando los Juegos del 2018 que se van a realizar en Buenos Aires. Son los Juegos Ol\u00edmpicos de la Juventud, a efectuarse en el mes de octubre y desde el 2014 que estamos trabajando con chicos de todo el pa\u00eds. Hicimos un scouting federativo y tambi\u00e9n un censo a nivel nacional en todos los deportes que van a participar en la Olimp\u00edada, que son 29; testeamos a 250.000 chicos. Y bueno, hoy se est\u00e1 recortando la cantidad de chicos, obviamente porque se va achicando el embudo; estamos pr\u00f3ximos a los Juegos, pero cu\u00e1ndo tenemos oportunidad de ver a chicos que tienen talento, o se destacan, o tienen condiciones extraordinaria; tambi\u00e9n para m\u00ed es bueno darles una oportunidad para que se muestren, para que no pierdan las esperanzas y para que vean que tienen posibilidades de representar a su Ciudad, a su Provincia y por qu\u00e9 no, a la Argentina en alg\u00fan campeonato internacional. Ese es el caso, la oportunidad que va a tener Juan de estar preseleccionado con otros 35, 36 chicos de todo el pa\u00eds; donde no solamente les hablamos de andar fuerte en bicicleta, tambi\u00e9n tocamos aspectos sociales, psicol\u00f3gicos y tambi\u00e9n les tocamos temas, como que el estudio es importante para ellos\u201d. <\/p>\n<p>  \u201cEs tambi\u00e9n hoy, como jefe de entrenadores de la Naci\u00f3n que me siento en la responsabilidad de dejarles adem\u00e1s algo, un legado para que ellos se defiendan en la vida\u201d.<\/p>\n<p>  \u201cCon la selecci\u00f3n paral\u00edmpica, tengo el honor de estar desde diciembre 2007, 10 a\u00f1os. Y con los juveniles comenc\u00e9 como t\u00e9cnico en el 2013, donde tuve la oportunidad de ir al Mundial de Escocia; y a partir del 2014, trabajo con el proyecto 2018 que es un proyecto del Ente Nacional de Alto Rendimiento Deportivo.  Y bueno, es lo que m\u00e1s me gusta junto con el deporte paral\u00edmpico, son mis dos grandes motores, mi pasi\u00f3n\u201d.<\/p>\n<p>  Con respecto al motivo de su visita, expres\u00f3: \u201cEn referencia a la concentraci\u00f3n para la que est\u00e1 convocado Juan Jos\u00e9 Paz, comenzaremos a trabajar el d\u00eda viernes durante todo el d\u00eda, vamos a estar hasta el domingo; van a llegar chicos de todas las provincias de la Rep\u00fablica Argentina. Obviamente citamos los mejores cinco de cada categor\u00eda, tanto en contra reloj, como el \u00e1rea de fondo que es la ruta\u201d. <\/p>\n<p>  \u201cVamos a comenzar a trabajar con ellos, d\u00e1ndoles diferentes charlas, entrenamientos en bicicleta y por primera vez, estamos haciendo tests de potencia; que se lo hacemos a todos los chicos. Tenemos material para prestarles, del cual le sacamos unos umbrales, tanto de frecuencia card\u00edaca como de potencia, y despu\u00e9s con esos valores ellos pueden trabajar con sus entrenadores personales. De esta manera les estamos picando la cabeza a los entrenadores, para que cada d\u00eda estudien m\u00e1s, se capaciten m\u00e1s; porque se viene a una camada de chicos 2000, 2001, 2002 que es muy buena, que van a depender de nosotros. Ya los chicos no dependen tanto de ellos, si bien tienen que entrenar con todo, tambi\u00e9n dependen del acompa\u00f1amiento nuestro.\u201d<\/p>\n<p>  Para agregar: \u201cAdem\u00e1s, la idea es hacer una prueba muy de entrecasa muy entre nosotros, el domingo, para divertirnos tambi\u00e9n, porque tiene que haber una forma l\u00fadica detr\u00e1s de todo entrenamiento. En definitiva, tenemos que ser felices y divertirnos\u201d. <\/p>\n<p>  \u201cDespu\u00e9s hay proyectos para los chicos categor\u00edas 2000, 2001, que seguramente van a participar, al ser Junior, ya el 27 de marzo de este a\u00f1o. En 10 d\u00edas viajamos con 4 chicos a participar del Panamericano de Mountain Bike, que se va hacer en Boyac\u00e1, Colombia.\u201d <\/p>\n<p>  \u201cTambi\u00e9n tenemos la Selecci\u00f3n, con quienes vamos al Mundial de Estados Unidos, en septiembre. Tenemos, tanto los mundiales de pista, como de ruta del ciclismo convencional; as\u00ed que hoy por hoy, con las pol\u00edticas deportivas que hay, el apoyo para que los chicos puedan experimentar viajes, es muy grande. Y no solamente que vayan a buscar las medallas, sino que experimenten; porque creo que la vida deportiva comienza despu\u00e9s de estas categor\u00edas.\u201d <\/p>\n<p>  Sobre la convocatoria del sampedrino agreg\u00f3: \u00abYa es un hecho que Juan J. Paz est\u00e1 citado, tenemos muchas expectativas con \u00e9l; lo viene demostrando, de hecho, el domingo pr\u00f3ximo pasado, lo vi ganar una carrera en Nogoy\u00e1. As\u00ed que bueno, Juan est\u00e1 dentro de esta pre selecci\u00f3n de talentos de la Rep\u00fablica Argentina y esperemos que nosotros cubramos las expectativas de Juan, y que saque provecho de esta concentraci\u00f3n.\u201d <\/p>\n<p> \u201cMe llama la atenci\u00f3n que San Pedro, siendo una ciudad tan cicl\u00edstica, es la primera vez que tienen un chico preseleccionado. Por la gran cantidad de ciclistas que hay en San Pedro, tan buenos y que han corrido en todos los circuitos de la Rep\u00fablica Argentina\u00bb.<\/p>\n<p>  Ferrari cerr\u00f3 con un recuerdo: \u201cCon Juan Pablo Villarruel, tengo el mejor de los recuerdos. Con \u00e9l compart\u00ed viajes y cert\u00e1menes a nivel mundial; como as\u00ed tambi\u00e9n el recuerdo de toda la gente de San Pedro, que quiero mucho, siendo o no del ciclismo, como a Silvio Velo, Julito Alsogaray. Tienen grandes representantes en el deporte de San Pedro. Felicito a ciudad por la calidad de deportistas que tiene\u201d.<\/p>\n","protected":false},"excerpt":{"rendered":"<p>En la ma\u00f1ana del mi\u00e9rcoles, en el programa \u00abPrimera Plana\u00bb, que emite FM G\u00e9nesis, en el espacio \u00abEl Cl\u00e1sico Deportes\u00bb, estuvo dialogando el Jefe de Entrenadores del Enard y Secretar\u00eda de Deportes de la Naci\u00f3n: Profesor Mart\u00edn \u00abPampa\u00bb Ferrari, qui\u00e9n sobre ciclismo confirm\u00f3 la convocatoria a Juan Jos\u00e9 Paz, para el pr\u00f3ximo viernes en el [&hellip;]<\/p>\n","protected":false},"author":4,"featured_media":16117,"comment_status":"open","ping_status":"closed","sticky":false,"template":"","format":"standard","meta":{"om_disable_all_campaigns":false,"_jetpack_memberships_contains_paid_content":false,"footnotes":""},"categories":[5],"tags":[],"class_list":["post-16116","post","type-post","status-publish","format-standard","has-post-thumbnail","hentry","category-deportes"],"aioseo_notices":[],"gutentor_comment":0,"jetpack_featured_media_url":"https:\/\/eldiariodesanpedro.com.ar\/sitio\/wp-content\/uploads\/2017\/03\/Juan-Jos\u00e9-Paz-ser\u00e1-el-primer-ciclista-local-en-una-Selecci\u00f3n-Juvenil.jpg","jetpack_shortlink":"https:\/\/wp.me\/p6RhLt-4bW","jetpack_sharing_enabled":true,"_links":{"self":[{"href":"https:\/\/eldiariodesanpedro.com.ar\/sitio\/wp-json\/wp\/v2\/posts\/16116","targetHints":{"allow":["GET"]}}],"collection":[{"href":"https:\/\/eldiariodesanpedro.com.ar\/sitio\/wp-json\/wp\/v2\/posts"}],"about":[{"href":"https:\/\/eldiariodesanpedro.com.ar\/sitio\/wp-json\/wp\/v2\/types\/post"}],"author":[{"embeddable":true,"href":"https:\/\/eldiariodesanpedro.com.ar\/sitio\/wp-json\/wp\/v2\/users\/4"}],"replies":[{"embeddable":true,"href":"https:\/\/eldiariodesanpedro.com.ar\/sitio\/wp-json\/wp\/v2\/comments?post=16116"}],"version-history":[{"count":1,"href":"https:\/\/eldiariodesanpedro.com.ar\/sitio\/wp-json\/wp\/v2\/posts\/16116\/revisions"}],"predecessor-version":[{"id":16118,"href":"https:\/\/eldiariodesanpedro.com.ar\/sitio\/wp-json\/wp\/v2\/posts\/16116\/revisions\/16118"}],"wp:featuredmedia":[{"embeddable":true,"href":"https:\/\/eldiariodesanpedro.com.ar\/sitio\/wp-json\/wp\/v2\/media\/16117"}],"wp:attachment":[{"href":"https:\/\/eldiariodesanpedro.com.ar\/sitio\/wp-json\/wp\/v2\/media?parent=16116"}],"wp:term":[{"taxonomy":"category","embeddable":true,"href":"https:\/\/eldiariodesanpedro.com.ar\/sitio\/wp-json\/wp\/v2\/categories?post=16116"},{"taxonomy":"post_tag","embeddable":true,"href":"https:\/\/eldiariodesanpedro.com.ar\/sitio\/wp-json\/wp\/v2\/tags?post=16116"}],"curies":[{"name":"wp","href":"https:\/\/api.w.org\/{rel}","templated":true}]}}