{"id":16113,"date":"2017-03-16T20:11:47","date_gmt":"2017-03-16T23:11:47","guid":{"rendered":"https:\/\/eldiariodesanpedro.com.ar\/sitio\/?p=16113"},"modified":"2017-03-16T20:11:47","modified_gmt":"2017-03-16T23:11:47","slug":"campana-se-le-volco-parte-de-la-carga-en-panamericana-y-la-saquearon-en-minutos","status":"publish","type":"post","link":"https:\/\/eldiariodesanpedro.com.ar\/sitio\/campana-se-le-volco-parte-de-la-carga-en-panamericana-y-la-saquearon-en-minutos\/","title":{"rendered":"CAMPANA: Se le volc\u00f3 parte de la carga en Panamericana y la saquearon en minutos"},"content":{"rendered":"<p><!-- VideographyWP Plugin Message: Automatic video embedding prevented by plugin options. --><br \/>\nEl hecho tuvo lugar cerca del \u201crulo\u201d que conecta el puente de San Felipe con Ruta Panamericana en Campana. Un cami\u00f3n Mercedes Benz perteneciente a la empresa Transporte Jean Georges, conducido por Cristian Adri\u00e1n Fragapane de 45 a\u00f1os, oriundo de Rosario, dej\u00f3 caer parte de las botellas de agua y gaseosas que transportaba, al tomar el ajustado y curvo camino.<\/p>\n<p>El cami\u00f3n ven\u00eda desde Los Cardales por Ruta 6, sufriendo el accidente al intentar conectarse con la mano que va a Rosario de la ruta nacional. Nada tardaron en llegar los oportunistas del caso, quienes saquearon el veh\u00edculo, tambi\u00e9n en instantes.<\/p>\n<p>Efectivos policiales llegaron hasta el lugar y dispersaron a los atracadores utilizando disparos disuasivos. Luego, escolt\u00f3 al transportista hasta el parador Atalaya, con la poca carga que le quedaba. (Enlace Cr\u00edtico)<\/p>\n","protected":false},"excerpt":{"rendered":"<p>El hecho tuvo lugar cerca del \u201crulo\u201d que conecta el puente de San Felipe con Ruta Panamericana en Campana. Un cami\u00f3n Mercedes Benz perteneciente a la empresa Transporte Jean Georges, conducido por Cristian Adri\u00e1n Fragapane de 45 a\u00f1os, oriundo de Rosario, dej\u00f3 caer parte de las botellas de agua y gaseosas que transportaba, al tomar [&hellip;]<\/p>\n","protected":false},"author":4,"featured_media":16114,"comment_status":"open","ping_status":"closed","sticky":false,"template":"","format":"standard","meta":{"om_disable_all_campaigns":false,"_jetpack_memberships_contains_paid_content":false,"footnotes":""},"categories":[621],"tags":[],"class_list":["post-16113","post","type-post","status-publish","format-standard","has-post-thumbnail","hentry","category-regionales"],"aioseo_notices":[],"gutentor_comment":0,"jetpack_featured_media_url":"https:\/\/eldiariodesanpedro.com.ar\/sitio\/wp-content\/uploads\/2017\/03\/saqueo-camion.jpg","jetpack_shortlink":"https:\/\/wp.me\/p6RhLt-4bT","jetpack_sharing_enabled":true,"_links":{"self":[{"href":"https:\/\/eldiariodesanpedro.com.ar\/sitio\/wp-json\/wp\/v2\/posts\/16113","targetHints":{"allow":["GET"]}}],"collection":[{"href":"https:\/\/eldiariodesanpedro.com.ar\/sitio\/wp-json\/wp\/v2\/posts"}],"about":[{"href":"https:\/\/eldiariodesanpedro.com.ar\/sitio\/wp-json\/wp\/v2\/types\/post"}],"author":[{"embeddable":true,"href":"https:\/\/eldiariodesanpedro.com.ar\/sitio\/wp-json\/wp\/v2\/users\/4"}],"replies":[{"embeddable":true,"href":"https:\/\/eldiariodesanpedro.com.ar\/sitio\/wp-json\/wp\/v2\/comments?post=16113"}],"version-history":[{"count":1,"href":"https:\/\/eldiariodesanpedro.com.ar\/sitio\/wp-json\/wp\/v2\/posts\/16113\/revisions"}],"predecessor-version":[{"id":16115,"href":"https:\/\/eldiariodesanpedro.com.ar\/sitio\/wp-json\/wp\/v2\/posts\/16113\/revisions\/16115"}],"wp:featuredmedia":[{"embeddable":true,"href":"https:\/\/eldiariodesanpedro.com.ar\/sitio\/wp-json\/wp\/v2\/media\/16114"}],"wp:attachment":[{"href":"https:\/\/eldiariodesanpedro.com.ar\/sitio\/wp-json\/wp\/v2\/media?parent=16113"}],"wp:term":[{"taxonomy":"category","embeddable":true,"href":"https:\/\/eldiariodesanpedro.com.ar\/sitio\/wp-json\/wp\/v2\/categories?post=16113"},{"taxonomy":"post_tag","embeddable":true,"href":"https:\/\/eldiariodesanpedro.com.ar\/sitio\/wp-json\/wp\/v2\/tags?post=16113"}],"curies":[{"name":"wp","href":"https:\/\/api.w.org\/{rel}","templated":true}]}}