{"id":16107,"date":"2017-03-16T20:00:21","date_gmt":"2017-03-16T23:00:21","guid":{"rendered":"https:\/\/eldiariodesanpedro.com.ar\/sitio\/?p=16107"},"modified":"2017-03-16T20:00:21","modified_gmt":"2017-03-16T23:00:21","slug":"san-nicolas-nuevos-patrulleros-para-la-ciudad","status":"publish","type":"post","link":"https:\/\/eldiariodesanpedro.com.ar\/sitio\/san-nicolas-nuevos-patrulleros-para-la-ciudad\/","title":{"rendered":"SAN NICOLAS: Nuevos patrulleros para la ciudad"},"content":{"rendered":"<p><!-- VideographyWP Plugin Message: Automatic video embedding prevented by plugin options. --><br \/>\nEn las \u00faltimas horas se sumaron a la flota de m\u00f3viles del Comando de Patrullas cinco flamantes unidades. Gestiones del Jefe Departamental Comisario Mayor Dante Paolini permiti\u00f3 renovar m\u00f3viles.<\/p>\n<p>Le entrega de los m\u00f3viles la hicieron para toda la zona en un acto que encabez\u00f3 el ministro de Seguridad, Cristian Ritondo en la localidad de Pilar.<\/p>\n<p>A la Departamental llegaron cinco unidades que ser\u00e1n puestas al servicio del Comando de Patrullas. Esto permitir\u00e1 dar de baja unidades que ya han superado su vida \u00fatil y reasignar patrulleros a otras dependencias.<\/p>\n<p>Antes de salir a la calle el capell\u00e1n de la Polic\u00eda, presb\u00edtero Germ\u00e1n Andreali las bendijo y a los hombres y mujeres que har\u00e1n uso de los mismos. (Diario El Informante)<\/p>\n","protected":false},"excerpt":{"rendered":"<p>En las \u00faltimas horas se sumaron a la flota de m\u00f3viles del Comando de Patrullas cinco flamantes unidades. Gestiones del Jefe Departamental Comisario Mayor Dante Paolini permiti\u00f3 renovar m\u00f3viles. Le entrega de los m\u00f3viles la hicieron para toda la zona en un acto que encabez\u00f3 el ministro de Seguridad, Cristian Ritondo en la localidad de [&hellip;]<\/p>\n","protected":false},"author":4,"featured_media":16108,"comment_status":"open","ping_status":"closed","sticky":false,"template":"","format":"standard","meta":{"om_disable_all_campaigns":false,"_jetpack_memberships_contains_paid_content":false,"footnotes":""},"categories":[621],"tags":[],"class_list":["post-16107","post","type-post","status-publish","format-standard","has-post-thumbnail","hentry","category-regionales"],"aioseo_notices":[],"gutentor_comment":0,"jetpack_featured_media_url":"https:\/\/eldiariodesanpedro.com.ar\/sitio\/wp-content\/uploads\/2017\/03\/Los-nuevos-patrulleros.jpg","jetpack_shortlink":"https:\/\/wp.me\/p6RhLt-4bN","jetpack_sharing_enabled":true,"_links":{"self":[{"href":"https:\/\/eldiariodesanpedro.com.ar\/sitio\/wp-json\/wp\/v2\/posts\/16107","targetHints":{"allow":["GET"]}}],"collection":[{"href":"https:\/\/eldiariodesanpedro.com.ar\/sitio\/wp-json\/wp\/v2\/posts"}],"about":[{"href":"https:\/\/eldiariodesanpedro.com.ar\/sitio\/wp-json\/wp\/v2\/types\/post"}],"author":[{"embeddable":true,"href":"https:\/\/eldiariodesanpedro.com.ar\/sitio\/wp-json\/wp\/v2\/users\/4"}],"replies":[{"embeddable":true,"href":"https:\/\/eldiariodesanpedro.com.ar\/sitio\/wp-json\/wp\/v2\/comments?post=16107"}],"version-history":[{"count":1,"href":"https:\/\/eldiariodesanpedro.com.ar\/sitio\/wp-json\/wp\/v2\/posts\/16107\/revisions"}],"predecessor-version":[{"id":16109,"href":"https:\/\/eldiariodesanpedro.com.ar\/sitio\/wp-json\/wp\/v2\/posts\/16107\/revisions\/16109"}],"wp:featuredmedia":[{"embeddable":true,"href":"https:\/\/eldiariodesanpedro.com.ar\/sitio\/wp-json\/wp\/v2\/media\/16108"}],"wp:attachment":[{"href":"https:\/\/eldiariodesanpedro.com.ar\/sitio\/wp-json\/wp\/v2\/media?parent=16107"}],"wp:term":[{"taxonomy":"category","embeddable":true,"href":"https:\/\/eldiariodesanpedro.com.ar\/sitio\/wp-json\/wp\/v2\/categories?post=16107"},{"taxonomy":"post_tag","embeddable":true,"href":"https:\/\/eldiariodesanpedro.com.ar\/sitio\/wp-json\/wp\/v2\/tags?post=16107"}],"curies":[{"name":"wp","href":"https:\/\/api.w.org\/{rel}","templated":true}]}}