{"id":16102,"date":"2017-03-16T19:55:48","date_gmt":"2017-03-16T22:55:48","guid":{"rendered":"https:\/\/eldiariodesanpedro.com.ar\/sitio\/?p=16102"},"modified":"2017-03-16T19:55:48","modified_gmt":"2017-03-16T22:55:48","slug":"formalizan-tres-nuevas-comisiones-para-el-plan-fines","status":"publish","type":"post","link":"https:\/\/eldiariodesanpedro.com.ar\/sitio\/formalizan-tres-nuevas-comisiones-para-el-plan-fines\/","title":{"rendered":"Formalizan tres nuevas comisiones para el Plan Fines"},"content":{"rendered":"<p><!-- VideographyWP Plugin Message: Automatic video embedding prevented by plugin options. --><br \/>\nComenzaron a exponerse las listas de tres comisiones nuevas para el 1er. a\u00f1o del Plan Fines. Una de ellas funcionar\u00e1 en la localidad de R\u00edo Tala en la Escuela Secundaria Nro. 9.  En tanto que las clases comenzar\u00e1n el d\u00eda 20\/3.<\/p>\n<p>\u201cSolamente nos hab\u00edan autorizado hasta ayer tres comisiones y ahora surgi\u00f3 la autorizaci\u00f3n de tres m\u00e1s\u201d. \u201cEstamos muy contentos porque va a poder cursar mucha gente m\u00e1s\u201d, sostuvo a trav\u00e9s de \u201cLa Radio 92.3\u201d Eleonora Taurizano, Jefa Distrital de Educaci\u00f3n.<\/p>\n<p>\u201cUna de ellas va estar en R\u00edo Tala que es una deuda que ten\u00edamos con la gente de la localidad\u201d, asegur\u00f3 luego.<\/p>\n<p>\u201cYo siempre digo que es darle la oportunidad a gente que hace mucho dejaron la escuela\u201d, sostuvo y asever\u00f3 que \u201cla inscripci\u00f3n ya finaliz\u00f3, hay muchas personas que \u201cdejaron sus datos\u201d es por ello que \u201cpido a todos aquellos que por alguna raz\u00f3n, que no puedan cursar el Plan Fines que se acerquen (a la Jefatura Distrital que se encuentra en el Centro C\u00edvico) que le vamos a dar el lugar a otra persona.<\/p>\n<p>Adem\u00e1s informan por este medio a los profesores inscriptos que a\u00fan no se han cubierto todas las horas c\u00e1tedra. Los actos p\u00fablicos se realizan de lunes a jueves a las 13 hs. En la Secretar\u00eda de Asuntos Docentes.<\/p>\n<p>En tanto que el d\u00eda 16\/3 a las 18.00 hs. en la escuela T\u00e9cnica habr\u00e1 una reuni\u00f3n informativa para los docentes.<\/p>\n","protected":false},"excerpt":{"rendered":"<p>Comenzaron a exponerse las listas de tres comisiones nuevas para el 1er. a\u00f1o del Plan Fines. Una de ellas funcionar\u00e1 en la localidad de R\u00edo Tala en la Escuela Secundaria Nro. 9. En tanto que las clases comenzar\u00e1n el d\u00eda 20\/3. \u201cSolamente nos hab\u00edan autorizado hasta ayer tres comisiones y ahora surgi\u00f3 la autorizaci\u00f3n de [&hellip;]<\/p>\n","protected":false},"author":4,"featured_media":16105,"comment_status":"open","ping_status":"closed","sticky":false,"template":"","format":"standard","meta":{"om_disable_all_campaigns":false,"_jetpack_memberships_contains_paid_content":false,"footnotes":""},"categories":[101,2],"tags":[],"class_list":["post-16102","post","type-post","status-publish","format-standard","has-post-thumbnail","hentry","category-interes-general-locales","category-locales"],"aioseo_notices":[],"gutentor_comment":0,"jetpack_featured_media_url":"https:\/\/eldiariodesanpedro.com.ar\/sitio\/wp-content\/uploads\/2017\/03\/plan-fines.jpg","jetpack_shortlink":"https:\/\/wp.me\/p6RhLt-4bI","jetpack_sharing_enabled":true,"_links":{"self":[{"href":"https:\/\/eldiariodesanpedro.com.ar\/sitio\/wp-json\/wp\/v2\/posts\/16102","targetHints":{"allow":["GET"]}}],"collection":[{"href":"https:\/\/eldiariodesanpedro.com.ar\/sitio\/wp-json\/wp\/v2\/posts"}],"about":[{"href":"https:\/\/eldiariodesanpedro.com.ar\/sitio\/wp-json\/wp\/v2\/types\/post"}],"author":[{"embeddable":true,"href":"https:\/\/eldiariodesanpedro.com.ar\/sitio\/wp-json\/wp\/v2\/users\/4"}],"replies":[{"embeddable":true,"href":"https:\/\/eldiariodesanpedro.com.ar\/sitio\/wp-json\/wp\/v2\/comments?post=16102"}],"version-history":[{"count":2,"href":"https:\/\/eldiariodesanpedro.com.ar\/sitio\/wp-json\/wp\/v2\/posts\/16102\/revisions"}],"predecessor-version":[{"id":16106,"href":"https:\/\/eldiariodesanpedro.com.ar\/sitio\/wp-json\/wp\/v2\/posts\/16102\/revisions\/16106"}],"wp:featuredmedia":[{"embeddable":true,"href":"https:\/\/eldiariodesanpedro.com.ar\/sitio\/wp-json\/wp\/v2\/media\/16105"}],"wp:attachment":[{"href":"https:\/\/eldiariodesanpedro.com.ar\/sitio\/wp-json\/wp\/v2\/media?parent=16102"}],"wp:term":[{"taxonomy":"category","embeddable":true,"href":"https:\/\/eldiariodesanpedro.com.ar\/sitio\/wp-json\/wp\/v2\/categories?post=16102"},{"taxonomy":"post_tag","embeddable":true,"href":"https:\/\/eldiariodesanpedro.com.ar\/sitio\/wp-json\/wp\/v2\/tags?post=16102"}],"curies":[{"name":"wp","href":"https:\/\/api.w.org\/{rel}","templated":true}]}}