{"id":16099,"date":"2017-03-16T19:50:33","date_gmt":"2017-03-16T22:50:33","guid":{"rendered":"https:\/\/eldiariodesanpedro.com.ar\/sitio\/?p=16099"},"modified":"2017-03-16T19:50:33","modified_gmt":"2017-03-16T22:50:33","slug":"una-pyme-sampedrina-empresas-bonaerenses-mostrara-sus-productos-por-el-mundo","status":"publish","type":"post","link":"https:\/\/eldiariodesanpedro.com.ar\/sitio\/una-pyme-sampedrina-empresas-bonaerenses-mostrara-sus-productos-por-el-mundo\/","title":{"rendered":"Una pyme sampedrina empresas bonaerenses mostrar\u00e1 sus productos por el mundo"},"content":{"rendered":"<p><!-- VideographyWP Plugin Message: Automatic video embedding prevented by plugin options. --><br \/>\nSe trata de una iniciativa del Gobierno de la Provincia de Buenos Aires que tiene como objetivo que las PyMES de la Provincia de Buenos Aires den la vuelta al mundo en la Fragata Libertad, la que arribar\u00e1 a 13 puertos del mundo. La embarcaci\u00f3n de la Armada Argentina zarpar\u00e1 el pr\u00f3ximo 25 de Marzo y volver\u00e1 a nuestro pa\u00eds el 07 de Octubre.<\/p>\n<p>Seg\u00fan la informaci\u00f3n suministrada por el Coordinador General del \u00c1rea de Relaciones Globales del Senado, perteneciente a la Pro Secretaria Administrativa a cargo de Germ\u00e1n L\u00f3pez, la muestra itinerante  presentar\u00e1  a 12 empresas de innovaci\u00f3n y tecnol\u00f3gica para que en cada puerto coordinado con la Canciller\u00eda para que se contribuya a mostrar el potencial productivo y de innovaci\u00f3n que tienen nuestras empresas. Una de estas empresas es de San Pedro \u201cGreenseed\u201d.<\/p>\n<p>Cabe destacar que el proyecto cuenta con el aval de la Gobernadora de la Provincia de Buenos Aires Lic. Mar\u00eda Eugenia Vidal, el Vicegobernador y Presidente de la Honorable C\u00e1mara de Senadores de la Provincia de Buenos Aires Dr. Daniel Salvador, y el Presidente de la Honorable C\u00e1mara de Diputados de la Provincia de Buenos Aires Dr. Manuel Mosca.<\/p>\n<p>Entre las empresas que recorrer\u00e1n el mundo se encuentran, adem\u00e1s de la que se encuentra en nuestro partido, son: Cagnoli (Tandil); Diconex (Quilmes); Ferraro y Asociados (Pilar); Juri (Carmen de Areco); Neoris; Nuvelar (Bah\u00eda Blanca); Opulens\/Novar (Pilar) y Sero Electric (La Matanza) que pertenecen a distintos rubros como alimentario, tecnolog\u00eda, maquinaria agr\u00edcola, \u00f3ptica y automotor.<\/p>\n<p>La firma se encuentra localizada en el callej\u00f3n de Novella en el Km. 9.5 de la Ruta 19, es una empresa de venta de productos frutihort\u00edcolas.<\/p>\n<p>All\u00ed se cultivan frutas, hortalizas y hierbas arom\u00e1ticas basado en una agricultura sustentable y la preocupaci\u00f3n por el medio ambiente. \u201cTratamos el suelo, el aire y el agua como recursos importantes y respetamos los delicados equilibrios de la naturaleza, la conservaci\u00f3n de energ\u00eda, la provisi\u00f3n de condiciones de trabajo seguras y justas, y muchas otras pr\u00e1cticas que son ambiental y socialmente responsables\u201d, expresan desde su p\u00e1gina web.<\/p>\n","protected":false},"excerpt":{"rendered":"<p>Se trata de una iniciativa del Gobierno de la Provincia de Buenos Aires que tiene como objetivo que las PyMES de la Provincia de Buenos Aires den la vuelta al mundo en la Fragata Libertad, la que arribar\u00e1 a 13 puertos del mundo. La embarcaci\u00f3n de la Armada Argentina zarpar\u00e1 el pr\u00f3ximo 25 de Marzo [&hellip;]<\/p>\n","protected":false},"author":4,"featured_media":16100,"comment_status":"open","ping_status":"closed","sticky":false,"template":"","format":"standard","meta":{"om_disable_all_campaigns":false,"_jetpack_memberships_contains_paid_content":false,"footnotes":""},"categories":[101,2],"tags":[],"class_list":["post-16099","post","type-post","status-publish","format-standard","has-post-thumbnail","hentry","category-interes-general-locales","category-locales"],"aioseo_notices":[],"gutentor_comment":0,"jetpack_featured_media_url":"https:\/\/eldiariodesanpedro.com.ar\/sitio\/wp-content\/uploads\/2017\/03\/La-Fragata-Libertad-arribar\u00e1-a-13-puertos-del-mundo.jpg","jetpack_shortlink":"https:\/\/wp.me\/p6RhLt-4bF","jetpack_sharing_enabled":true,"_links":{"self":[{"href":"https:\/\/eldiariodesanpedro.com.ar\/sitio\/wp-json\/wp\/v2\/posts\/16099","targetHints":{"allow":["GET"]}}],"collection":[{"href":"https:\/\/eldiariodesanpedro.com.ar\/sitio\/wp-json\/wp\/v2\/posts"}],"about":[{"href":"https:\/\/eldiariodesanpedro.com.ar\/sitio\/wp-json\/wp\/v2\/types\/post"}],"author":[{"embeddable":true,"href":"https:\/\/eldiariodesanpedro.com.ar\/sitio\/wp-json\/wp\/v2\/users\/4"}],"replies":[{"embeddable":true,"href":"https:\/\/eldiariodesanpedro.com.ar\/sitio\/wp-json\/wp\/v2\/comments?post=16099"}],"version-history":[{"count":1,"href":"https:\/\/eldiariodesanpedro.com.ar\/sitio\/wp-json\/wp\/v2\/posts\/16099\/revisions"}],"predecessor-version":[{"id":16101,"href":"https:\/\/eldiariodesanpedro.com.ar\/sitio\/wp-json\/wp\/v2\/posts\/16099\/revisions\/16101"}],"wp:featuredmedia":[{"embeddable":true,"href":"https:\/\/eldiariodesanpedro.com.ar\/sitio\/wp-json\/wp\/v2\/media\/16100"}],"wp:attachment":[{"href":"https:\/\/eldiariodesanpedro.com.ar\/sitio\/wp-json\/wp\/v2\/media?parent=16099"}],"wp:term":[{"taxonomy":"category","embeddable":true,"href":"https:\/\/eldiariodesanpedro.com.ar\/sitio\/wp-json\/wp\/v2\/categories?post=16099"},{"taxonomy":"post_tag","embeddable":true,"href":"https:\/\/eldiariodesanpedro.com.ar\/sitio\/wp-json\/wp\/v2\/tags?post=16099"}],"curies":[{"name":"wp","href":"https:\/\/api.w.org\/{rel}","templated":true}]}}