{"id":16096,"date":"2017-03-16T19:44:58","date_gmt":"2017-03-16T22:44:58","guid":{"rendered":"https:\/\/eldiariodesanpedro.com.ar\/sitio\/?p=16096"},"modified":"2017-03-16T19:44:58","modified_gmt":"2017-03-16T22:44:58","slug":"un-camion-despisto-volco-perdio-su-carga-que-fue-impactado-por-otro-rodado-de-gran-porte","status":"publish","type":"post","link":"https:\/\/eldiariodesanpedro.com.ar\/sitio\/un-camion-despisto-volco-perdio-su-carga-que-fue-impactado-por-otro-rodado-de-gran-porte\/","title":{"rendered":"Un cami\u00f3n despist\u00f3, volc\u00f3, perdi\u00f3 su carga que fue impactado por otro rodado de gran porte"},"content":{"rendered":"<p><!-- VideographyWP Plugin Message: Automatic video embedding prevented by plugin options. --><br \/>\nOcurri\u00f3 cerca de las 8 hs. de hoy, en el km. 179 de la autopista nacional. Por causas que se tratan de establecer un cami\u00f3n Fiat Iveco, color blanco, que transportaba bobinas de acero perteneciente a la empresa de transporte Hecamesur, se despist\u00f3 y volc\u00f3 posteriormente.<\/p>\n<p>Como consecuencia de ello, perdi\u00f3 la carga de bobinas de acero que transportaba, una de ellas qued\u00f3 sobre la cinta asf\u00e1ltica, siendo impactada luego por otro rodado de gran porte marca Mercedes Benz modelo 11\/14, color blanco.<\/p>\n<p>El conductor del rodado que origina el incidente de tr\u00e1nsito, oriundo de Ramallo, sufri\u00f3 lesiones por lo que fue trasladado por el CEM al hospital Jos\u00e9 Mar\u00eda de Gomendio de esa localidad, mientras que el otro resulta ileso.<\/p>\n<p>La calzada estuvo reducida a un carril siendo asistida por cinco Vial.<\/p>\n","protected":false},"excerpt":{"rendered":"<p>Ocurri\u00f3 cerca de las 8 hs. de hoy, en el km. 179 de la autopista nacional. Por causas que se tratan de establecer un cami\u00f3n Fiat Iveco, color blanco, que transportaba bobinas de acero perteneciente a la empresa de transporte Hecamesur, se despist\u00f3 y volc\u00f3 posteriormente. Como consecuencia de ello, perdi\u00f3 la carga de bobinas [&hellip;]<\/p>\n","protected":false},"author":4,"featured_media":16097,"comment_status":"open","ping_status":"closed","sticky":false,"template":"","format":"standard","meta":{"om_disable_all_campaigns":false,"_jetpack_memberships_contains_paid_content":false,"footnotes":""},"categories":[50,2,103],"tags":[],"class_list":["post-16096","post","type-post","status-publish","format-standard","has-post-thumbnail","hentry","category-destacadas","category-locales","category-policiales-locales"],"aioseo_notices":[],"gutentor_comment":0,"jetpack_featured_media_url":"https:\/\/eldiariodesanpedro.com.ar\/sitio\/wp-content\/uploads\/2017\/03\/El-siniestro-ocurrido-en-el-Km.-179.jpg","jetpack_shortlink":"https:\/\/wp.me\/p6RhLt-4bC","jetpack_sharing_enabled":true,"_links":{"self":[{"href":"https:\/\/eldiariodesanpedro.com.ar\/sitio\/wp-json\/wp\/v2\/posts\/16096","targetHints":{"allow":["GET"]}}],"collection":[{"href":"https:\/\/eldiariodesanpedro.com.ar\/sitio\/wp-json\/wp\/v2\/posts"}],"about":[{"href":"https:\/\/eldiariodesanpedro.com.ar\/sitio\/wp-json\/wp\/v2\/types\/post"}],"author":[{"embeddable":true,"href":"https:\/\/eldiariodesanpedro.com.ar\/sitio\/wp-json\/wp\/v2\/users\/4"}],"replies":[{"embeddable":true,"href":"https:\/\/eldiariodesanpedro.com.ar\/sitio\/wp-json\/wp\/v2\/comments?post=16096"}],"version-history":[{"count":1,"href":"https:\/\/eldiariodesanpedro.com.ar\/sitio\/wp-json\/wp\/v2\/posts\/16096\/revisions"}],"predecessor-version":[{"id":16098,"href":"https:\/\/eldiariodesanpedro.com.ar\/sitio\/wp-json\/wp\/v2\/posts\/16096\/revisions\/16098"}],"wp:featuredmedia":[{"embeddable":true,"href":"https:\/\/eldiariodesanpedro.com.ar\/sitio\/wp-json\/wp\/v2\/media\/16097"}],"wp:attachment":[{"href":"https:\/\/eldiariodesanpedro.com.ar\/sitio\/wp-json\/wp\/v2\/media?parent=16096"}],"wp:term":[{"taxonomy":"category","embeddable":true,"href":"https:\/\/eldiariodesanpedro.com.ar\/sitio\/wp-json\/wp\/v2\/categories?post=16096"},{"taxonomy":"post_tag","embeddable":true,"href":"https:\/\/eldiariodesanpedro.com.ar\/sitio\/wp-json\/wp\/v2\/tags?post=16096"}],"curies":[{"name":"wp","href":"https:\/\/api.w.org\/{rel}","templated":true}]}}