{"id":16090,"date":"2017-03-16T19:37:42","date_gmt":"2017-03-16T22:37:42","guid":{"rendered":"https:\/\/eldiariodesanpedro.com.ar\/sitio\/?p=16090"},"modified":"2017-03-16T19:37:42","modified_gmt":"2017-03-16T22:37:42","slug":"los-municipales-haran-un-paro-de-48-hs","status":"publish","type":"post","link":"https:\/\/eldiariodesanpedro.com.ar\/sitio\/los-municipales-haran-un-paro-de-48-hs\/","title":{"rendered":"Los municipales har\u00e1n un paro de 48 hs."},"content":{"rendered":"<p><!-- VideographyWP Plugin Message: Automatic video embedding prevented by plugin options. --><br \/>\nLuego de las asambleas realizadas por ambos gremios que representan a los agentes estatales de nuestra ciudad, la semana que viene comenzar\u00e1 a realizarse una medida de fuerza. Cabe recordar que hoy a la tarde habr\u00e1 una nueva reuni\u00f3n de la semana de relaciones laborales con el objetivo de no cerrar el di\u00e1logo y llegar a un entendimiento.<\/p>\n<p>Sobre ello Juan Cruz Acosta, titular del Sindicato de Trabajadores Municipales, tras la asamblea que se llev\u00f3 a cabo por la tarde en la sede del gremio.<\/p>\n<p>\u201cLos trabajadores no aceptan de ninguna manera esa propuesta\u201d sostuvo a trav\u00e9s de \u201cLa Radio 92.3\u201d. Y agreg\u00f3: \u201cSe convocaron m\u00e1s de 200 trabajadores en nuestro local y eso habla de la necesidad que est\u00e1n pasando\u201d. \u201cSe decidi\u00f3 un paro por 48 hs. para el lunes y martes\u201d.<\/p>\n<p>Seguidamente dijo: \u201cHoy el trabajador no llega a fin de mes\u201d, \u201cojala que el ejecutivo haga un esfuerzo para llegar a la expectativa que el trabajo tiene\u201d.<\/p>\n<p>\u201cReconocemos el aumento importante del a\u00f1o pasado, el convenio colectivo y el bono. El Intendente se ha portado bien con los trabajadores pero este a\u00f1o es diferente\u201d, dijo el dirigente gremial.<\/p>\n<p>Sin embargo no desestim\u00f3 la posibilidad de que el viernes acepten el requerimiento de los trabajadores municipales y se levente la medida de fuerza.<\/p>\n<p>Del mismo modo, Gustavo Gauna de ATE, anunci\u00f3 una situaci\u00f3n similar: \u00abEl resultado de la asamblea arrojo que ratificaron el pedido del 20% para el primer semestre y si no se da paro de 48 horas para la semana que viene\u00bb.<\/p>\n","protected":false},"excerpt":{"rendered":"<p>Luego de las asambleas realizadas por ambos gremios que representan a los agentes estatales de nuestra ciudad, la semana que viene comenzar\u00e1 a realizarse una medida de fuerza. Cabe recordar que hoy a la tarde habr\u00e1 una nueva reuni\u00f3n de la semana de relaciones laborales con el objetivo de no cerrar el di\u00e1logo y llegar [&hellip;]<\/p>\n","protected":false},"author":4,"featured_media":16091,"comment_status":"open","ping_status":"closed","sticky":false,"template":"","format":"standard","meta":{"om_disable_all_campaigns":false,"_jetpack_memberships_contains_paid_content":false,"footnotes":""},"categories":[2,102],"tags":[],"class_list":["post-16090","post","type-post","status-publish","format-standard","has-post-thumbnail","hentry","category-locales","category-politica-locales"],"aioseo_notices":[],"gutentor_comment":0,"jetpack_featured_media_url":"https:\/\/eldiariodesanpedro.com.ar\/sitio\/wp-content\/uploads\/2017\/03\/Juan-Cruz-Acosta-titular-del-Sindicato-de-Trabajadores-Municipales.jpg","jetpack_shortlink":"https:\/\/wp.me\/p6RhLt-4bw","jetpack_sharing_enabled":true,"_links":{"self":[{"href":"https:\/\/eldiariodesanpedro.com.ar\/sitio\/wp-json\/wp\/v2\/posts\/16090","targetHints":{"allow":["GET"]}}],"collection":[{"href":"https:\/\/eldiariodesanpedro.com.ar\/sitio\/wp-json\/wp\/v2\/posts"}],"about":[{"href":"https:\/\/eldiariodesanpedro.com.ar\/sitio\/wp-json\/wp\/v2\/types\/post"}],"author":[{"embeddable":true,"href":"https:\/\/eldiariodesanpedro.com.ar\/sitio\/wp-json\/wp\/v2\/users\/4"}],"replies":[{"embeddable":true,"href":"https:\/\/eldiariodesanpedro.com.ar\/sitio\/wp-json\/wp\/v2\/comments?post=16090"}],"version-history":[{"count":1,"href":"https:\/\/eldiariodesanpedro.com.ar\/sitio\/wp-json\/wp\/v2\/posts\/16090\/revisions"}],"predecessor-version":[{"id":16092,"href":"https:\/\/eldiariodesanpedro.com.ar\/sitio\/wp-json\/wp\/v2\/posts\/16090\/revisions\/16092"}],"wp:featuredmedia":[{"embeddable":true,"href":"https:\/\/eldiariodesanpedro.com.ar\/sitio\/wp-json\/wp\/v2\/media\/16091"}],"wp:attachment":[{"href":"https:\/\/eldiariodesanpedro.com.ar\/sitio\/wp-json\/wp\/v2\/media?parent=16090"}],"wp:term":[{"taxonomy":"category","embeddable":true,"href":"https:\/\/eldiariodesanpedro.com.ar\/sitio\/wp-json\/wp\/v2\/categories?post=16090"},{"taxonomy":"post_tag","embeddable":true,"href":"https:\/\/eldiariodesanpedro.com.ar\/sitio\/wp-json\/wp\/v2\/tags?post=16090"}],"curies":[{"name":"wp","href":"https:\/\/api.w.org\/{rel}","templated":true}]}}