{"id":16075,"date":"2017-03-16T19:01:21","date_gmt":"2017-03-16T22:01:21","guid":{"rendered":"https:\/\/eldiariodesanpedro.com.ar\/sitio\/?p=16075"},"modified":"2017-03-16T19:24:06","modified_gmt":"2017-03-16T22:24:06","slug":"el-sec-sigue-ofreciendo-capacitacion-y-formacion-para-los-trabajadores-mercantiles-de-san-pedro","status":"publish","type":"post","link":"https:\/\/eldiariodesanpedro.com.ar\/sitio\/el-sec-sigue-ofreciendo-capacitacion-y-formacion-para-los-trabajadores-mercantiles-de-san-pedro\/","title":{"rendered":"El SEC sigue ofreciendo capacitaci\u00f3n y formaci\u00f3n para los trabajadores mercantiles de San Pedro"},"content":{"rendered":"<p><!-- VideographyWP Plugin Message: Automatic video embedding prevented by plugin options. --><br \/>\nEl Secretario General del Sindicato de Empleados de Comercio de San Pedro, Marcelo Mosteiro, present\u00f3 este jueves 16, parte de las novedades que el gremio puede compartir con sus afiliados y con la comunidad, en relaci\u00f3n a las m\u00faltiples propuestas de formaci\u00f3n y capacitaci\u00f3n que se ofrecen a trav\u00e9s de la entidad y producto de importantes convenios.<br \/>\nEn las renovadas instalaciones de Pellegrini 472 se mostraron a los medios de comunicaci\u00f3n de la ciudad las reformas y ampliaciones realizadas que hoy permiten contar con una excelente infraestructura de aulas, equipadas con todo lo necesario para la realizaci\u00f3n de estos cursos.<br \/>\nSe inform\u00f3 adem\u00e1s que en breve estar\u00e1 disponible el ascensor que permitir\u00e1 acceder al sector del primer piso a todas aquellas personas que necesiten este medio para poder hacerlo, fundamentalmente personas con discapacidad motriz.<br \/>\nEl Sindicato Empleados de Comercio de San Pedro integra la Red Nacional de Formaci\u00f3n Continua de los empleados de Comercio (RENFOCEC) de la Federaci\u00f3n Argentina de Empleados de Comercio y Servicios.<\/p>\n<p>En la actualidad existen tres grupos de propuestas para los afiliados y los interesados en general que son totalmente gratuitas para los afiliados (incluyendo materiales de estudios) y sin arancel para los no afiliados que deben hacer un peque\u00f1o gasto en estos materiales.<\/p>\n<p>* Cursos Certificados por la Direcci\u00f3n General de Cultura y Educaci\u00f3n de la Provincia de Buenos Aires en Convenio con el CFP 402 y la CGT)<br \/>\nRedacci\u00f3n Comercial y Administrativa.<br \/>\nAdministraci\u00f3n en PyMEs<br \/>\nT\u00e9cnicas Dise\u00f1o Gr\u00e1fico 1 y 2<br \/>\nIngles I<br \/>\nIngles II<br \/>\nAuxiliar administrativo<br \/>\nAuxiliar contable<\/p>\n<p>* Cursos de Formaci\u00f3n Multimedia &#8211; Auto Asistida<\/p>\n<p>(Se cursa desde cualquier punto en el que disponga de un PC con conectividad y est\u00e1n disponibles para afiliados y no afiliados)<\/p>\n<p>Contabilidad y Finanzas<br \/>\nImpuestos<br \/>\nRecursos humanos<br \/>\nIngl\u00e9s<\/p>\n<p>* Formaci\u00f3n continua para trabajadores del sector<br \/>\nGratuitos y Certificados por el Ministerio de Trabajo Empleo y Seguridad Social (MTEySS)<br \/>\nPreinscripci\u00f3n para inicio tentativo Julio 2017<\/p>\n<p>T\u00e9cnicas de ventas<br \/>\nCajero de supermercado<br \/>\nCajero de tiendas y peque\u00f1os comercios.<br \/>\nRepositor<br \/>\nMaquillaje social\/art\u00edstico.<\/p>\n<p>En la conferencia de prensa, el titular del Sindicato destac\u00f3 adem\u00e1s la constante presencia del gremio en el d\u00eda a d\u00eda de los trabajadores con la entrega de guardapolvos y \u00fatiles como todos los a\u00f1os, los premios est\u00edmulo a los estudiantes destacados con la compra de todos los libros,<\/p>\n<p>El Sindicato de Empelados de Comercio mantiene con todas estas acciones su prop\u00f3sito de mejorar la calidad de la mano de obra de la ciudad y la competitividad de las empresas. Adem\u00e1s se estimula el v\u00ednculo entre el Centro de Formaci\u00f3n del SEC y su entorno socio-productivo, desarrollando sectores clave de la econ\u00f3mica.<\/p>\n<p>Los cursos est\u00e1n destinados a los trabajadores y a los sectores productivos que de este modo pueden nutrirse de recursos capacitados.<\/p>\n<p>Para obtener m\u00e1s informaci\u00f3n sobre la modalidad de inscripci\u00f3n y cupos disponibles se debe consultar de lunes a viernes de 8 a 16 hs y de lunes a jueves de 19:30 a 20:30hs en Pellegrini 472, llamando al 425443 o 425190 y a trav\u00e9s de <a href=\"http:\/\/www.secsanpedro.org.ar\">www.secsanpedro.org.ar<\/a> o en la <a href=\"https:\/\/www.facebook.com\/secsanpedro\">fan page de Facebook<\/a>.<\/p>\n<div data-carousel-extra='{&quot;blog_id&quot;:1,&quot;permalink&quot;:&quot;https:\/\/eldiariodesanpedro.com.ar\/sitio\/el-sec-sigue-ofreciendo-capacitacion-y-formacion-para-los-trabajadores-mercantiles-de-san-pedro\/&quot;}' id='gallery-1' class='gallery galleryid-16075 gallery-columns-3 gallery-size-thumbnail'><figure class='gallery-item'>\n\t\t\t<div class='gallery-icon landscape'>\n\t\t\t\t<a href='https:\/\/eldiariodesanpedro.com.ar\/sitio\/el-sec-sigue-ofreciendo-capacitacion-y-formacion-para-los-trabajadores-mercantiles-de-san-pedro\/dsc_0027\/'><img decoding=\"async\" width=\"150\" height=\"150\" data-src=\"https:\/\/eldiariodesanpedro.com.ar\/sitio\/wp-content\/uploads\/2017\/03\/DSC_0027-150x150.jpg\" class=\"attachment-thumbnail size-thumbnail lazyload\" alt=\"El Diario de San Pedro | Noticias locales y regionales\" data-attachment-id=\"16086\" data-permalink=\"https:\/\/eldiariodesanpedro.com.ar\/sitio\/el-sec-sigue-ofreciendo-capacitacion-y-formacion-para-los-trabajadores-mercantiles-de-san-pedro\/dsc_0027\/\" data-orig-file=\"https:\/\/eldiariodesanpedro.com.ar\/sitio\/wp-content\/uploads\/2017\/03\/DSC_0027-e1489703029456.jpg\" data-orig-size=\"800,534\" data-comments-opened=\"1\" data-image-meta=\"{&quot;aperture&quot;:&quot;4.8&quot;,&quot;credit&quot;:&quot;&quot;,&quot;camera&quot;:&quot;NIKON D3300&quot;,&quot;caption&quot;:&quot;&quot;,&quot;created_timestamp&quot;:&quot;1489656477&quot;,&quot;copyright&quot;:&quot;&quot;,&quot;focal_length&quot;:&quot;40&quot;,&quot;iso&quot;:&quot;400&quot;,&quot;shutter_speed&quot;:&quot;0.0125&quot;,&quot;title&quot;:&quot;&quot;,&quot;orientation&quot;:&quot;1&quot;}\" data-image-title=\"DSC_0027\" data-image-description=\"\" data-image-caption=\"\" data-large-file=\"https:\/\/eldiariodesanpedro.com.ar\/sitio\/wp-content\/uploads\/2017\/03\/DSC_0027-1024x683.jpg\" src=\"data:image\/svg+xml;base64,PHN2ZyB3aWR0aD0iMSIgaGVpZ2h0PSIxIiB4bWxucz0iaHR0cDovL3d3dy53My5vcmcvMjAwMC9zdmciPjwvc3ZnPg==\" style=\"--smush-placeholder-width: 150px; --smush-placeholder-aspect-ratio: 150\/150;\" \/><\/a>\n\t\t\t<\/div><\/figure><figure class='gallery-item'>\n\t\t\t<div class='gallery-icon landscape'>\n\t\t\t\t<a href='https:\/\/eldiariodesanpedro.com.ar\/sitio\/el-sec-sigue-ofreciendo-capacitacion-y-formacion-para-los-trabajadores-mercantiles-de-san-pedro\/dsc_0017-4\/'><img decoding=\"async\" width=\"150\" height=\"150\" data-src=\"https:\/\/eldiariodesanpedro.com.ar\/sitio\/wp-content\/uploads\/2017\/03\/DSC_0017-150x150.jpg\" class=\"attachment-thumbnail size-thumbnail lazyload\" alt=\"El Diario de San Pedro | Noticias locales y regionales\" data-attachment-id=\"16081\" data-permalink=\"https:\/\/eldiariodesanpedro.com.ar\/sitio\/el-sec-sigue-ofreciendo-capacitacion-y-formacion-para-los-trabajadores-mercantiles-de-san-pedro\/dsc_0017-4\/\" data-orig-file=\"https:\/\/eldiariodesanpedro.com.ar\/sitio\/wp-content\/uploads\/2017\/03\/DSC_0017-e1489702926253.jpg\" data-orig-size=\"800,534\" data-comments-opened=\"1\" data-image-meta=\"{&quot;aperture&quot;:&quot;4.5&quot;,&quot;credit&quot;:&quot;&quot;,&quot;camera&quot;:&quot;NIKON D3300&quot;,&quot;caption&quot;:&quot;&quot;,&quot;created_timestamp&quot;:&quot;1489655725&quot;,&quot;copyright&quot;:&quot;&quot;,&quot;focal_length&quot;:&quot;18&quot;,&quot;iso&quot;:&quot;400&quot;,&quot;shutter_speed&quot;:&quot;0.0125&quot;,&quot;title&quot;:&quot;&quot;,&quot;orientation&quot;:&quot;1&quot;}\" data-image-title=\"DSC_0017\" data-image-description=\"\" data-image-caption=\"\" data-large-file=\"https:\/\/eldiariodesanpedro.com.ar\/sitio\/wp-content\/uploads\/2017\/03\/DSC_0017-1024x683.jpg\" src=\"data:image\/svg+xml;base64,PHN2ZyB3aWR0aD0iMSIgaGVpZ2h0PSIxIiB4bWxucz0iaHR0cDovL3d3dy53My5vcmcvMjAwMC9zdmciPjwvc3ZnPg==\" style=\"--smush-placeholder-width: 150px; --smush-placeholder-aspect-ratio: 150\/150;\" \/><\/a>\n\t\t\t<\/div><\/figure><figure class='gallery-item'>\n\t\t\t<div class='gallery-icon landscape'>\n\t\t\t\t<a href='https:\/\/eldiariodesanpedro.com.ar\/sitio\/el-sec-sigue-ofreciendo-capacitacion-y-formacion-para-los-trabajadores-mercantiles-de-san-pedro\/dsc_0023\/'><img decoding=\"async\" width=\"150\" height=\"150\" data-src=\"https:\/\/eldiariodesanpedro.com.ar\/sitio\/wp-content\/uploads\/2017\/03\/DSC_0023-150x150.jpg\" class=\"attachment-thumbnail size-thumbnail lazyload\" alt=\"El Diario de San Pedro | Noticias locales y regionales\" data-attachment-id=\"16084\" data-permalink=\"https:\/\/eldiariodesanpedro.com.ar\/sitio\/el-sec-sigue-ofreciendo-capacitacion-y-formacion-para-los-trabajadores-mercantiles-de-san-pedro\/dsc_0023\/\" data-orig-file=\"https:\/\/eldiariodesanpedro.com.ar\/sitio\/wp-content\/uploads\/2017\/03\/DSC_0023-e1489702992277.jpg\" data-orig-size=\"800,534\" data-comments-opened=\"1\" data-image-meta=\"{&quot;aperture&quot;:&quot;5.6&quot;,&quot;credit&quot;:&quot;&quot;,&quot;camera&quot;:&quot;NIKON D3300&quot;,&quot;caption&quot;:&quot;&quot;,&quot;created_timestamp&quot;:&quot;1489655912&quot;,&quot;copyright&quot;:&quot;&quot;,&quot;focal_length&quot;:&quot;18&quot;,&quot;iso&quot;:&quot;400&quot;,&quot;shutter_speed&quot;:&quot;0.008&quot;,&quot;title&quot;:&quot;&quot;,&quot;orientation&quot;:&quot;1&quot;}\" data-image-title=\"DSC_0023\" data-image-description=\"\" data-image-caption=\"\" data-large-file=\"https:\/\/eldiariodesanpedro.com.ar\/sitio\/wp-content\/uploads\/2017\/03\/DSC_0023-1024x683.jpg\" src=\"data:image\/svg+xml;base64,PHN2ZyB3aWR0aD0iMSIgaGVpZ2h0PSIxIiB4bWxucz0iaHR0cDovL3d3dy53My5vcmcvMjAwMC9zdmciPjwvc3ZnPg==\" style=\"--smush-placeholder-width: 150px; --smush-placeholder-aspect-ratio: 150\/150;\" \/><\/a>\n\t\t\t<\/div><\/figure><figure class='gallery-item'>\n\t\t\t<div class='gallery-icon landscape'>\n\t\t\t\t<a href='https:\/\/eldiariodesanpedro.com.ar\/sitio\/el-sec-sigue-ofreciendo-capacitacion-y-formacion-para-los-trabajadores-mercantiles-de-san-pedro\/dsc_0020\/'><img decoding=\"async\" width=\"150\" height=\"150\" data-src=\"https:\/\/eldiariodesanpedro.com.ar\/sitio\/wp-content\/uploads\/2017\/03\/DSC_0020-150x150.jpg\" class=\"attachment-thumbnail size-thumbnail lazyload\" alt=\"El Diario de San Pedro | Noticias locales y regionales\" data-attachment-id=\"16082\" data-permalink=\"https:\/\/eldiariodesanpedro.com.ar\/sitio\/el-sec-sigue-ofreciendo-capacitacion-y-formacion-para-los-trabajadores-mercantiles-de-san-pedro\/dsc_0020\/\" data-orig-file=\"https:\/\/eldiariodesanpedro.com.ar\/sitio\/wp-content\/uploads\/2017\/03\/DSC_0020-e1489702951202.jpg\" data-orig-size=\"800,534\" data-comments-opened=\"1\" data-image-meta=\"{&quot;aperture&quot;:&quot;5&quot;,&quot;credit&quot;:&quot;&quot;,&quot;camera&quot;:&quot;NIKON D3300&quot;,&quot;caption&quot;:&quot;&quot;,&quot;created_timestamp&quot;:&quot;1489655853&quot;,&quot;copyright&quot;:&quot;&quot;,&quot;focal_length&quot;:&quot;18&quot;,&quot;iso&quot;:&quot;400&quot;,&quot;shutter_speed&quot;:&quot;0.01&quot;,&quot;title&quot;:&quot;&quot;,&quot;orientation&quot;:&quot;1&quot;}\" data-image-title=\"DSC_0020\" data-image-description=\"\" data-image-caption=\"\" data-large-file=\"https:\/\/eldiariodesanpedro.com.ar\/sitio\/wp-content\/uploads\/2017\/03\/DSC_0020-1024x683.jpg\" src=\"data:image\/svg+xml;base64,PHN2ZyB3aWR0aD0iMSIgaGVpZ2h0PSIxIiB4bWxucz0iaHR0cDovL3d3dy53My5vcmcvMjAwMC9zdmciPjwvc3ZnPg==\" style=\"--smush-placeholder-width: 150px; --smush-placeholder-aspect-ratio: 150\/150;\" \/><\/a>\n\t\t\t<\/div><\/figure><figure class='gallery-item'>\n\t\t\t<div class='gallery-icon landscape'>\n\t\t\t\t<a href='https:\/\/eldiariodesanpedro.com.ar\/sitio\/el-sec-sigue-ofreciendo-capacitacion-y-formacion-para-los-trabajadores-mercantiles-de-san-pedro\/dsc_0021-2\/'><img decoding=\"async\" width=\"150\" height=\"150\" data-src=\"https:\/\/eldiariodesanpedro.com.ar\/sitio\/wp-content\/uploads\/2017\/03\/DSC_0021-150x150.jpg\" class=\"attachment-thumbnail size-thumbnail lazyload\" alt=\"El Diario de San Pedro | Noticias locales y regionales\" data-attachment-id=\"16083\" data-permalink=\"https:\/\/eldiariodesanpedro.com.ar\/sitio\/el-sec-sigue-ofreciendo-capacitacion-y-formacion-para-los-trabajadores-mercantiles-de-san-pedro\/dsc_0021-2\/\" data-orig-file=\"https:\/\/eldiariodesanpedro.com.ar\/sitio\/wp-content\/uploads\/2017\/03\/DSC_0021-e1489702971179.jpg\" data-orig-size=\"800,534\" data-comments-opened=\"1\" data-image-meta=\"{&quot;aperture&quot;:&quot;5.6&quot;,&quot;credit&quot;:&quot;&quot;,&quot;camera&quot;:&quot;NIKON D3300&quot;,&quot;caption&quot;:&quot;&quot;,&quot;created_timestamp&quot;:&quot;1489655889&quot;,&quot;copyright&quot;:&quot;&quot;,&quot;focal_length&quot;:&quot;18&quot;,&quot;iso&quot;:&quot;400&quot;,&quot;shutter_speed&quot;:&quot;0.008&quot;,&quot;title&quot;:&quot;&quot;,&quot;orientation&quot;:&quot;1&quot;}\" data-image-title=\"DSC_0021\" data-image-description=\"\" data-image-caption=\"\" data-large-file=\"https:\/\/eldiariodesanpedro.com.ar\/sitio\/wp-content\/uploads\/2017\/03\/DSC_0021-1024x683.jpg\" src=\"data:image\/svg+xml;base64,PHN2ZyB3aWR0aD0iMSIgaGVpZ2h0PSIxIiB4bWxucz0iaHR0cDovL3d3dy53My5vcmcvMjAwMC9zdmciPjwvc3ZnPg==\" style=\"--smush-placeholder-width: 150px; --smush-placeholder-aspect-ratio: 150\/150;\" \/><\/a>\n\t\t\t<\/div><\/figure><figure class='gallery-item'>\n\t\t\t<div class='gallery-icon landscape'>\n\t\t\t\t<a href='https:\/\/eldiariodesanpedro.com.ar\/sitio\/el-sec-sigue-ofreciendo-capacitacion-y-formacion-para-los-trabajadores-mercantiles-de-san-pedro\/dsc_0015\/'><img decoding=\"async\" width=\"150\" height=\"150\" data-src=\"https:\/\/eldiariodesanpedro.com.ar\/sitio\/wp-content\/uploads\/2017\/03\/DSC_0015-150x150.jpg\" class=\"attachment-thumbnail size-thumbnail lazyload\" alt=\"El Diario de San Pedro | Noticias locales y regionales\" data-attachment-id=\"16079\" data-permalink=\"https:\/\/eldiariodesanpedro.com.ar\/sitio\/el-sec-sigue-ofreciendo-capacitacion-y-formacion-para-los-trabajadores-mercantiles-de-san-pedro\/dsc_0015\/\" data-orig-file=\"https:\/\/eldiariodesanpedro.com.ar\/sitio\/wp-content\/uploads\/2017\/03\/DSC_0015-e1489702882993.jpg\" data-orig-size=\"800,534\" data-comments-opened=\"1\" data-image-meta=\"{&quot;aperture&quot;:&quot;6.3&quot;,&quot;credit&quot;:&quot;&quot;,&quot;camera&quot;:&quot;NIKON D3300&quot;,&quot;caption&quot;:&quot;&quot;,&quot;created_timestamp&quot;:&quot;1489655713&quot;,&quot;copyright&quot;:&quot;&quot;,&quot;focal_length&quot;:&quot;18&quot;,&quot;iso&quot;:&quot;400&quot;,&quot;shutter_speed&quot;:&quot;0.008&quot;,&quot;title&quot;:&quot;&quot;,&quot;orientation&quot;:&quot;1&quot;}\" data-image-title=\"DSC_0015\" data-image-description=\"\" data-image-caption=\"\" data-large-file=\"https:\/\/eldiariodesanpedro.com.ar\/sitio\/wp-content\/uploads\/2017\/03\/DSC_0015-1024x683.jpg\" src=\"data:image\/svg+xml;base64,PHN2ZyB3aWR0aD0iMSIgaGVpZ2h0PSIxIiB4bWxucz0iaHR0cDovL3d3dy53My5vcmcvMjAwMC9zdmciPjwvc3ZnPg==\" style=\"--smush-placeholder-width: 150px; --smush-placeholder-aspect-ratio: 150\/150;\" \/><\/a>\n\t\t\t<\/div><\/figure><figure class='gallery-item'>\n\t\t\t<div class='gallery-icon landscape'>\n\t\t\t\t<a href='https:\/\/eldiariodesanpedro.com.ar\/sitio\/el-sec-sigue-ofreciendo-capacitacion-y-formacion-para-los-trabajadores-mercantiles-de-san-pedro\/dsc_0016-2\/'><img decoding=\"async\" width=\"150\" height=\"150\" data-src=\"https:\/\/eldiariodesanpedro.com.ar\/sitio\/wp-content\/uploads\/2017\/03\/DSC_0016-150x150.jpg\" class=\"attachment-thumbnail size-thumbnail lazyload\" alt=\"El Diario de San Pedro | Noticias locales y regionales\" data-attachment-id=\"16080\" data-permalink=\"https:\/\/eldiariodesanpedro.com.ar\/sitio\/el-sec-sigue-ofreciendo-capacitacion-y-formacion-para-los-trabajadores-mercantiles-de-san-pedro\/dsc_0016-2\/\" data-orig-file=\"https:\/\/eldiariodesanpedro.com.ar\/sitio\/wp-content\/uploads\/2017\/03\/DSC_0016-e1489702909678.jpg\" data-orig-size=\"800,534\" data-comments-opened=\"1\" data-image-meta=\"{&quot;aperture&quot;:&quot;4.5&quot;,&quot;credit&quot;:&quot;&quot;,&quot;camera&quot;:&quot;NIKON D3300&quot;,&quot;caption&quot;:&quot;&quot;,&quot;created_timestamp&quot;:&quot;1489655719&quot;,&quot;copyright&quot;:&quot;&quot;,&quot;focal_length&quot;:&quot;18&quot;,&quot;iso&quot;:&quot;400&quot;,&quot;shutter_speed&quot;:&quot;0.0125&quot;,&quot;title&quot;:&quot;&quot;,&quot;orientation&quot;:&quot;1&quot;}\" data-image-title=\"DSC_0016\" data-image-description=\"\" data-image-caption=\"\" data-large-file=\"https:\/\/eldiariodesanpedro.com.ar\/sitio\/wp-content\/uploads\/2017\/03\/DSC_0016-1024x683.jpg\" src=\"data:image\/svg+xml;base64,PHN2ZyB3aWR0aD0iMSIgaGVpZ2h0PSIxIiB4bWxucz0iaHR0cDovL3d3dy53My5vcmcvMjAwMC9zdmciPjwvc3ZnPg==\" style=\"--smush-placeholder-width: 150px; --smush-placeholder-aspect-ratio: 150\/150;\" \/><\/a>\n\t\t\t<\/div><\/figure><figure class='gallery-item'>\n\t\t\t<div class='gallery-icon landscape'>\n\t\t\t\t<a href='https:\/\/eldiariodesanpedro.com.ar\/sitio\/el-sec-sigue-ofreciendo-capacitacion-y-formacion-para-los-trabajadores-mercantiles-de-san-pedro\/dsc_0025-2\/'><img decoding=\"async\" width=\"150\" height=\"150\" data-src=\"https:\/\/eldiariodesanpedro.com.ar\/sitio\/wp-content\/uploads\/2017\/03\/DSC_0025-150x150.jpg\" class=\"attachment-thumbnail size-thumbnail lazyload\" alt=\"El Diario de San Pedro | Noticias locales y regionales\" data-attachment-id=\"16085\" data-permalink=\"https:\/\/eldiariodesanpedro.com.ar\/sitio\/el-sec-sigue-ofreciendo-capacitacion-y-formacion-para-los-trabajadores-mercantiles-de-san-pedro\/dsc_0025-2\/\" data-orig-file=\"https:\/\/eldiariodesanpedro.com.ar\/sitio\/wp-content\/uploads\/2017\/03\/DSC_0025-e1489703012255.jpg\" data-orig-size=\"800,534\" data-comments-opened=\"1\" data-image-meta=\"{&quot;aperture&quot;:&quot;4&quot;,&quot;credit&quot;:&quot;&quot;,&quot;camera&quot;:&quot;NIKON D3300&quot;,&quot;caption&quot;:&quot;&quot;,&quot;created_timestamp&quot;:&quot;1489655978&quot;,&quot;copyright&quot;:&quot;&quot;,&quot;focal_length&quot;:&quot;18&quot;,&quot;iso&quot;:&quot;400&quot;,&quot;shutter_speed&quot;:&quot;0.016666666666667&quot;,&quot;title&quot;:&quot;&quot;,&quot;orientation&quot;:&quot;1&quot;}\" data-image-title=\"DSC_0025\" data-image-description=\"\" data-image-caption=\"\" data-large-file=\"https:\/\/eldiariodesanpedro.com.ar\/sitio\/wp-content\/uploads\/2017\/03\/DSC_0025-1024x683.jpg\" src=\"data:image\/svg+xml;base64,PHN2ZyB3aWR0aD0iMSIgaGVpZ2h0PSIxIiB4bWxucz0iaHR0cDovL3d3dy53My5vcmcvMjAwMC9zdmciPjwvc3ZnPg==\" style=\"--smush-placeholder-width: 150px; --smush-placeholder-aspect-ratio: 150\/150;\" \/><\/a>\n\t\t\t<\/div><\/figure>\n\t\t<\/div>\n\n<div class=\"fb-video\" data-allowfullscreen=\"true\" data-href=\"https:\/\/www.facebook.com\/eldiario.desanpedro\/videos\/587973774745099\/\" style=\"background-color: #fff; display: inline-block;\"><\/div>\n","protected":false},"excerpt":{"rendered":"<p>El Secretario General del Sindicato de Empleados de Comercio de San Pedro, Marcelo Mosteiro, present\u00f3 este jueves 16, parte de las novedades que el gremio puede compartir con sus afiliados y con la comunidad, en relaci\u00f3n a las m\u00faltiples propuestas de formaci\u00f3n y capacitaci\u00f3n que se ofrecen a trav\u00e9s de la entidad y producto de [&hellip;]<\/p>\n","protected":false},"author":4,"featured_media":16076,"comment_status":"open","ping_status":"closed","sticky":false,"template":"","format":"standard","meta":{"om_disable_all_campaigns":false,"_jetpack_memberships_contains_paid_content":false,"footnotes":""},"categories":[50,101,2],"tags":[],"class_list":["post-16075","post","type-post","status-publish","format-standard","has-post-thumbnail","hentry","category-destacadas","category-interes-general-locales","category-locales"],"aioseo_notices":[],"gutentor_comment":0,"jetpack_featured_media_url":"https:\/\/eldiariodesanpedro.com.ar\/sitio\/wp-content\/uploads\/2017\/03\/DSC_0037-e1489701662733.jpg","jetpack_shortlink":"https:\/\/wp.me\/p6RhLt-4bh","jetpack_sharing_enabled":true,"_links":{"self":[{"href":"https:\/\/eldiariodesanpedro.com.ar\/sitio\/wp-json\/wp\/v2\/posts\/16075","targetHints":{"allow":["GET"]}}],"collection":[{"href":"https:\/\/eldiariodesanpedro.com.ar\/sitio\/wp-json\/wp\/v2\/posts"}],"about":[{"href":"https:\/\/eldiariodesanpedro.com.ar\/sitio\/wp-json\/wp\/v2\/types\/post"}],"author":[{"embeddable":true,"href":"https:\/\/eldiariodesanpedro.com.ar\/sitio\/wp-json\/wp\/v2\/users\/4"}],"replies":[{"embeddable":true,"href":"https:\/\/eldiariodesanpedro.com.ar\/sitio\/wp-json\/wp\/v2\/comments?post=16075"}],"version-history":[{"count":4,"href":"https:\/\/eldiariodesanpedro.com.ar\/sitio\/wp-json\/wp\/v2\/posts\/16075\/revisions"}],"predecessor-version":[{"id":16089,"href":"https:\/\/eldiariodesanpedro.com.ar\/sitio\/wp-json\/wp\/v2\/posts\/16075\/revisions\/16089"}],"wp:featuredmedia":[{"embeddable":true,"href":"https:\/\/eldiariodesanpedro.com.ar\/sitio\/wp-json\/wp\/v2\/media\/16076"}],"wp:attachment":[{"href":"https:\/\/eldiariodesanpedro.com.ar\/sitio\/wp-json\/wp\/v2\/media?parent=16075"}],"wp:term":[{"taxonomy":"category","embeddable":true,"href":"https:\/\/eldiariodesanpedro.com.ar\/sitio\/wp-json\/wp\/v2\/categories?post=16075"},{"taxonomy":"post_tag","embeddable":true,"href":"https:\/\/eldiariodesanpedro.com.ar\/sitio\/wp-json\/wp\/v2\/tags?post=16075"}],"curies":[{"name":"wp","href":"https:\/\/api.w.org\/{rel}","templated":true}]}}