{"id":16070,"date":"2017-03-16T12:11:21","date_gmt":"2017-03-16T15:11:21","guid":{"rendered":"https:\/\/eldiariodesanpedro.com.ar\/sitio\/?p=16070"},"modified":"2017-03-16T12:11:21","modified_gmt":"2017-03-16T15:11:21","slug":"secuestran-dos-motocicletas-que-habian-sido-robadas","status":"publish","type":"post","link":"https:\/\/eldiariodesanpedro.com.ar\/sitio\/secuestran-dos-motocicletas-que-habian-sido-robadas\/","title":{"rendered":"Secuestran dos motocicletas que hab\u00edan sido robadas"},"content":{"rendered":"<p><!-- VideographyWP Plugin Message: Automatic video embedding prevented by plugin options. --><br \/>\nEn el d\u00eda de ayer polic\u00eda de la comisaria departamental secuestraron dos motocicletas que ten\u00edan pedido de secuestro activo.<\/p>\n<p>La primera fue en la intersecci\u00f3n de las calles Almafuerte y Las Heras donde se intercepto a un hombre de 63 a\u00f1os que conduc\u00eda un rodado tipo 110 cc de color negro que presentaba pedido de secuestro activo por el delito de hurto, prendi\u00e9ndose a la aprehensi\u00f3n del conductor y al secuestro de la misma siendo trasladados ambos a la dependencia policial. El sujeto fue liberado horas despu\u00e9s luego de ser comunicado al magistrado quien dispuso las medidas de rigor correspondientes.<\/p>\n<p>La otra moto recuperada ocurri\u00f3 en la intersecci\u00f3n de Ayacucho y Manuel Iglesias donde un joven de 21 a\u00f1os de edad fue interceptado por un personal policial cuando conduc\u00eda una motocicleta Guerrero 110 cc color negra que el verificar numero de motor y chasis se pudo constatar que presentaba pedido de secuestro activo por el delito de hurto. El conductor fue trasladado a la comisaria local junto con el veh\u00edculo en cuesti\u00f3n y horas mas tarde otorgada su libertad.<\/p>\n<p>En ambos casos intervino la UFI N\u00ba 5<\/p>\n","protected":false},"excerpt":{"rendered":"<p>En el d\u00eda de ayer polic\u00eda de la comisaria departamental secuestraron dos motocicletas que ten\u00edan pedido de secuestro activo. La primera fue en la intersecci\u00f3n de las calles Almafuerte y Las Heras donde se intercepto a un hombre de 63 a\u00f1os que conduc\u00eda un rodado tipo 110 cc de color negro que presentaba pedido de [&hellip;]<\/p>\n","protected":false},"author":4,"featured_media":11797,"comment_status":"open","ping_status":"closed","sticky":false,"template":"","format":"standard","meta":{"om_disable_all_campaigns":false,"_jetpack_memberships_contains_paid_content":false,"footnotes":""},"categories":[50,2,103],"tags":[],"class_list":["post-16070","post","type-post","status-publish","format-standard","has-post-thumbnail","hentry","category-destacadas","category-locales","category-policiales-locales"],"aioseo_notices":[],"gutentor_comment":0,"jetpack_featured_media_url":"https:\/\/eldiariodesanpedro.com.ar\/sitio\/wp-content\/uploads\/2016\/12\/moto-secuestrada.jpg","jetpack_shortlink":"https:\/\/wp.me\/p6RhLt-4bc","jetpack_sharing_enabled":true,"_links":{"self":[{"href":"https:\/\/eldiariodesanpedro.com.ar\/sitio\/wp-json\/wp\/v2\/posts\/16070","targetHints":{"allow":["GET"]}}],"collection":[{"href":"https:\/\/eldiariodesanpedro.com.ar\/sitio\/wp-json\/wp\/v2\/posts"}],"about":[{"href":"https:\/\/eldiariodesanpedro.com.ar\/sitio\/wp-json\/wp\/v2\/types\/post"}],"author":[{"embeddable":true,"href":"https:\/\/eldiariodesanpedro.com.ar\/sitio\/wp-json\/wp\/v2\/users\/4"}],"replies":[{"embeddable":true,"href":"https:\/\/eldiariodesanpedro.com.ar\/sitio\/wp-json\/wp\/v2\/comments?post=16070"}],"version-history":[{"count":2,"href":"https:\/\/eldiariodesanpedro.com.ar\/sitio\/wp-json\/wp\/v2\/posts\/16070\/revisions"}],"predecessor-version":[{"id":16072,"href":"https:\/\/eldiariodesanpedro.com.ar\/sitio\/wp-json\/wp\/v2\/posts\/16070\/revisions\/16072"}],"wp:featuredmedia":[{"embeddable":true,"href":"https:\/\/eldiariodesanpedro.com.ar\/sitio\/wp-json\/wp\/v2\/media\/11797"}],"wp:attachment":[{"href":"https:\/\/eldiariodesanpedro.com.ar\/sitio\/wp-json\/wp\/v2\/media?parent=16070"}],"wp:term":[{"taxonomy":"category","embeddable":true,"href":"https:\/\/eldiariodesanpedro.com.ar\/sitio\/wp-json\/wp\/v2\/categories?post=16070"},{"taxonomy":"post_tag","embeddable":true,"href":"https:\/\/eldiariodesanpedro.com.ar\/sitio\/wp-json\/wp\/v2\/tags?post=16070"}],"curies":[{"name":"wp","href":"https:\/\/api.w.org\/{rel}","templated":true}]}}