{"id":16068,"date":"2017-03-16T11:48:48","date_gmt":"2017-03-16T14:48:48","guid":{"rendered":"https:\/\/eldiariodesanpedro.com.ar\/sitio\/?p=16068"},"modified":"2017-03-16T11:48:48","modified_gmt":"2017-03-16T14:48:48","slug":"dos-personas-aprendidas-por-pedido-de-captura-y-paradero","status":"publish","type":"post","link":"https:\/\/eldiariodesanpedro.com.ar\/sitio\/dos-personas-aprendidas-por-pedido-de-captura-y-paradero\/","title":{"rendered":"Dos personas aprendidas por pedido de captura y paradero"},"content":{"rendered":"<p><!-- VideographyWP Plugin Message: Automatic video embedding prevented by plugin options. --><br \/>\nEn el d\u00eda de ayer se aprehendieron dos personas por pedido de paradero y captura activo por diferentes causas.<\/p>\n<p>Personal policial de esta seccional juntamente a personal de polic\u00eda local en Av. Espa\u00f1a frente al paseo publico municipal se procedi\u00f3 a la identificaci\u00f3n  de un hombre de 38 a\u00f1os de edad del cual se logro establecer que el mismo  pose\u00eda pedido de paradero activo por el delito de entorpecimiento de servicios p\u00fablicos, con intervenci\u00f3n del juzgado Federal N\u00ba 2 de San Nicol\u00e1s. El Magistrado dispuso que el sujeto se haga presente en sede judicial a fines de ponerse a derecho. <\/p>\n<p>En el dia de ayer personal de esta seccional junto a polic\u00eda local en calle Uruguay y San Mart\u00edn, procedi\u00f3 a la identificaci\u00f3n de un hombre de 39 a\u00f1os quien tiene pedido de captura por el delito de desobediencia con intervenci\u00f3n del Juzgado Correccional N\u00ba 3 de San Nicol\u00e1s.<br \/>\nEn este caso el magistrado ordeno la certificacion de domicilio, fichas dactiloscopicas y que compareciera en sede judicial en primera audiencia a fines de ponerse en derecho. Luego se le otorgo la libertad.<\/p>\n","protected":false},"excerpt":{"rendered":"<p>En el d\u00eda de ayer se aprehendieron dos personas por pedido de paradero y captura activo por diferentes causas. Personal policial de esta seccional juntamente a personal de polic\u00eda local en Av. Espa\u00f1a frente al paseo publico municipal se procedi\u00f3 a la identificaci\u00f3n de un hombre de 38 a\u00f1os de edad del cual se logro [&hellip;]<\/p>\n","protected":false},"author":4,"featured_media":4713,"comment_status":"open","ping_status":"closed","sticky":false,"template":"","format":"standard","meta":{"om_disable_all_campaigns":false,"_jetpack_memberships_contains_paid_content":false,"footnotes":""},"categories":[2,103],"tags":[],"class_list":["post-16068","post","type-post","status-publish","format-standard","has-post-thumbnail","hentry","category-locales","category-policiales-locales"],"aioseo_notices":[],"gutentor_comment":0,"jetpack_featured_media_url":"https:\/\/eldiariodesanpedro.com.ar\/sitio\/wp-content\/uploads\/2016\/05\/detenido.jpg","jetpack_shortlink":"https:\/\/wp.me\/p6RhLt-4ba","jetpack_sharing_enabled":true,"_links":{"self":[{"href":"https:\/\/eldiariodesanpedro.com.ar\/sitio\/wp-json\/wp\/v2\/posts\/16068","targetHints":{"allow":["GET"]}}],"collection":[{"href":"https:\/\/eldiariodesanpedro.com.ar\/sitio\/wp-json\/wp\/v2\/posts"}],"about":[{"href":"https:\/\/eldiariodesanpedro.com.ar\/sitio\/wp-json\/wp\/v2\/types\/post"}],"author":[{"embeddable":true,"href":"https:\/\/eldiariodesanpedro.com.ar\/sitio\/wp-json\/wp\/v2\/users\/4"}],"replies":[{"embeddable":true,"href":"https:\/\/eldiariodesanpedro.com.ar\/sitio\/wp-json\/wp\/v2\/comments?post=16068"}],"version-history":[{"count":1,"href":"https:\/\/eldiariodesanpedro.com.ar\/sitio\/wp-json\/wp\/v2\/posts\/16068\/revisions"}],"predecessor-version":[{"id":16069,"href":"https:\/\/eldiariodesanpedro.com.ar\/sitio\/wp-json\/wp\/v2\/posts\/16068\/revisions\/16069"}],"wp:featuredmedia":[{"embeddable":true,"href":"https:\/\/eldiariodesanpedro.com.ar\/sitio\/wp-json\/wp\/v2\/media\/4713"}],"wp:attachment":[{"href":"https:\/\/eldiariodesanpedro.com.ar\/sitio\/wp-json\/wp\/v2\/media?parent=16068"}],"wp:term":[{"taxonomy":"category","embeddable":true,"href":"https:\/\/eldiariodesanpedro.com.ar\/sitio\/wp-json\/wp\/v2\/categories?post=16068"},{"taxonomy":"post_tag","embeddable":true,"href":"https:\/\/eldiariodesanpedro.com.ar\/sitio\/wp-json\/wp\/v2\/tags?post=16068"}],"curies":[{"name":"wp","href":"https:\/\/api.w.org\/{rel}","templated":true}]}}