{"id":16051,"date":"2017-03-15T20:39:55","date_gmt":"2017-03-15T23:39:55","guid":{"rendered":"https:\/\/eldiariodesanpedro.com.ar\/sitio\/?p=16051"},"modified":"2026-01-24T00:30:46","modified_gmt":"2026-01-24T03:30:46","slug":"tenis-angela-peiro-campeona","status":"publish","type":"post","link":"https:\/\/eldiariodesanpedro.com.ar\/sitio\/tenis-angela-peiro-campeona\/","title":{"rendered":"TENIS: \u00c1ngela Peir\u00f3, campeona"},"content":{"rendered":"<p><!-- VideographyWP Plugin Message: Automatic video embedding prevented by plugin options. --><br \/>\n  En el Nacional G3 jugado en el Club SOMISA de San Nicol\u00e1s, para la categor\u00eda Sub 16, la representante del Club N\u00e1utico se qued\u00f3 con el t\u00edtulo. Luego de 3 meses sin competencia, volvi\u00f3 y gan\u00f3 con un tenis agresivo y muy potente. En semifinales se impuso a Gregoruti (6\/2 &#8211; 4\/6 &#8211; 6\/2), y en la final le gan\u00f3 a Rodr\u00edguez (6\/1 &#8211; 6\/0). <\/p>\n<p>  En la misma categor\u00eda Lara Agusti perdi\u00f3 con Rodr\u00edguez Taverna en cuartos de final en 3 sets, en un partido de 2 horas.<\/p>\n<p>  En Sub 12, Felipe Bonafina gan\u00f3 en la primera ronda (6\/2 \u2013 7\/6) a Aimo, y perdi\u00f3 con Quijano (1\/6 &#8211; 1\/6). <\/p>\n<p>  Por su parte, Pedro Sciarra perdi\u00f3 con Franza. <\/p>\n<p>  En Sub 14, Agust\u00edn Cajide gan\u00f3 por WO y cay\u00f3 luego, con el n\u00famero 1 del torneo.<\/p>\n","protected":false},"excerpt":{"rendered":"<p>En el Nacional G3 jugado en el Club SOMISA de San Nicol\u00e1s, para la categor\u00eda Sub 16, la representante del Club N\u00e1utico se qued\u00f3 con el t\u00edtulo. Luego de 3 meses sin competencia, volvi\u00f3 y gan\u00f3 con un tenis agresivo y muy potente. En semifinales se impuso a Gregoruti (6\/2 &#8211; 4\/6 &#8211; 6\/2), y [&hellip;]<\/p>\n","protected":false},"author":4,"featured_media":16052,"comment_status":"open","ping_status":"closed","sticky":false,"template":"","format":"standard","meta":{"om_disable_all_campaigns":false,"_jetpack_memberships_contains_paid_content":false,"footnotes":""},"categories":[5],"tags":[],"class_list":["post-16051","post","type-post","status-publish","format-standard","has-post-thumbnail","hentry","category-deportes"],"aioseo_notices":[],"gutentor_comment":0,"jetpack_featured_media_url":"https:\/\/eldiariodesanpedro.com.ar\/sitio\/wp-content\/uploads\/2017\/03\/\u00c1ngela-en-el-club-organizador.jpg","jetpack_shortlink":"https:\/\/wp.me\/p6RhLt-4aT","jetpack_sharing_enabled":true,"_links":{"self":[{"href":"https:\/\/eldiariodesanpedro.com.ar\/sitio\/wp-json\/wp\/v2\/posts\/16051","targetHints":{"allow":["GET"]}}],"collection":[{"href":"https:\/\/eldiariodesanpedro.com.ar\/sitio\/wp-json\/wp\/v2\/posts"}],"about":[{"href":"https:\/\/eldiariodesanpedro.com.ar\/sitio\/wp-json\/wp\/v2\/types\/post"}],"author":[{"embeddable":true,"href":"https:\/\/eldiariodesanpedro.com.ar\/sitio\/wp-json\/wp\/v2\/users\/4"}],"replies":[{"embeddable":true,"href":"https:\/\/eldiariodesanpedro.com.ar\/sitio\/wp-json\/wp\/v2\/comments?post=16051"}],"version-history":[{"count":1,"href":"https:\/\/eldiariodesanpedro.com.ar\/sitio\/wp-json\/wp\/v2\/posts\/16051\/revisions"}],"predecessor-version":[{"id":16053,"href":"https:\/\/eldiariodesanpedro.com.ar\/sitio\/wp-json\/wp\/v2\/posts\/16051\/revisions\/16053"}],"wp:featuredmedia":[{"embeddable":true,"href":"https:\/\/eldiariodesanpedro.com.ar\/sitio\/wp-json\/wp\/v2\/media\/16052"}],"wp:attachment":[{"href":"https:\/\/eldiariodesanpedro.com.ar\/sitio\/wp-json\/wp\/v2\/media?parent=16051"}],"wp:term":[{"taxonomy":"category","embeddable":true,"href":"https:\/\/eldiariodesanpedro.com.ar\/sitio\/wp-json\/wp\/v2\/categories?post=16051"},{"taxonomy":"post_tag","embeddable":true,"href":"https:\/\/eldiariodesanpedro.com.ar\/sitio\/wp-json\/wp\/v2\/tags?post=16051"}],"curies":[{"name":"wp","href":"https:\/\/api.w.org\/{rel}","templated":true}]}}