{"id":16047,"date":"2017-03-15T20:37:40","date_gmt":"2017-03-15T23:37:40","guid":{"rendered":"https:\/\/eldiariodesanpedro.com.ar\/sitio\/?p=16047"},"modified":"2026-01-24T00:30:46","modified_gmt":"2026-01-24T03:30:46","slug":"formula-fic-el-domingo-se-lleva-a-cabo-una-tradicional-regata","status":"publish","type":"post","link":"https:\/\/eldiariodesanpedro.com.ar\/sitio\/formula-fic-el-domingo-se-lleva-a-cabo-una-tradicional-regata\/","title":{"rendered":"FORMULA FIC: El domingo se lleva a cabo una tradicional regata"},"content":{"rendered":"<p><!-- VideographyWP Plugin Message: Automatic video embedding prevented by plugin options. --><br \/>\n  El pr\u00f3ximo domingo, se realizar\u00e1 la tradicional Regata de Veleros entre Puerto Obligado y el Puerto de San Pedro.<\/p>\n<p>  Comienza un nuevo campeonato de FIC con la participaci\u00f3n de las tripulaciones que todas las temporadas se suman a las diferentes convocatorias. La primera del a\u00f1o ser\u00e1 el domingo 19 de marzo, con la tradicional \u201cPuerto Obligado &#8211; San Pedro\u201d. La largada ser\u00e1 a las 13 hs. y la entrega de premios se concretar\u00e1 tras el arribo a las instalaciones del Club N\u00e1utico.<\/p>\n<p>  El pasado fin de semana se corri\u00f3 la primera fecha del Gran Prix del Litoral, nuestro campeonato madre. El equipo del CNSP concurri\u00f3 con una numerosa flota de barcos, 14 optimist, 6 L\u00e1ser y un 29er. El d\u00eda s\u00e1bado por cuestiones clim\u00e1ticas no se corrieron regatas, pero el domingo con un viento SO de entre 15 y 23 nudos de intensidad, el clima permiti\u00f3 correr 3 regatas en optimist y 4 en L\u00e1ser y 29er. <\/p>\n<p>  Los chicos de optimist de nuestra flota arrollaron en esta fecha; se nota que los vientos medios y fuertes, les sientan bien. Malena Sciarra logr\u00f3 el 1\u00ba puesto en la general y en femenino; esta leona es arrolladora e imbatible en estas condiciones. Otro que se siente a gusto con eolio rugiendo, es Federico Moretti Sans\u00f3, que logr\u00f3 el 2\u00ba puesto de forma categ\u00f3rica. Juan Bautista Paz, en constante ascenso y mejor\u00eda, se ubic\u00f3 5\u00ba; y Lucio Fenouil, uno de los m\u00e1s chicos de la flota de timoneles, se ubic\u00f3 7\u00ba la general y 1\u00ba en categor\u00eda menor. Marco Limardo, quien tambi\u00e9n viene levantando, obtuvo el 14\u00ba puesto y 3\u00ba en menor. Francina Paz 19\u00ba, Nahuel Malacalza 20\u00ba, Francisco G\u00f3mez 28\u00ba, Lucas Hidalgo 37\u00ba, Delfina Kuttel 41\u00ba y 3\u00ba promocional. Bartolom\u00e9 Ch\u00e1 58\u00ba, Pilar Fenouil 68\u00ba y Milena Muscia 71 \u00ba. Polito Dom\u00ednguez, que sali\u00f3 a disputar las regatas, no pudo completar ninguna; pero su coraje vale mucho m\u00e1s que un resultado.<\/p>\n<p>  En la clase 29er, el brillante Dante Cittadini, logr\u00f3 el 2\u00ba puesto; se nota su constante mejor\u00eda y corri\u00f3 brillantemente en un d\u00eda dif\u00edcil y muy duro, se lo vio luch\u00e1ndole el 1\u00ba puesto a la dupla rosarina n\u00famero 1 del pa\u00eds en esa clase.<\/p>\n<p>  Entre los L\u00e1ser, los resultados no fueron los mejores, pero el haber presentado una flota de 6 barcos es un peque\u00f1o gran paso para recuperar la presencia del CNSP en otras clases en el GPL.<\/p>\n<p>  En Standart, participaron Rufino Hern\u00e1ndez hoy d\u00eda el mejor de la flota; en gran Loro Colicigno, que ha vuelto a las pistas; Luis Paz, qui\u00e9n batall\u00f3 duramente contra el viento; y Guillermo Spies.<\/p>\n<p>  En Radial Juanse Graff, qui\u00e9n puede mejorar mucho m\u00e1s; e Iv\u00e1n Luppi, que prob\u00f3 en esta clase, pero sin lugar a dudas el 4,7 le sienta mejor. (Nota web CNSP)<\/p>\n","protected":false},"excerpt":{"rendered":"<p>El pr\u00f3ximo domingo, se realizar\u00e1 la tradicional Regata de Veleros entre Puerto Obligado y el Puerto de San Pedro. Comienza un nuevo campeonato de FIC con la participaci\u00f3n de las tripulaciones que todas las temporadas se suman a las diferentes convocatorias. La primera del a\u00f1o ser\u00e1 el domingo 19 de marzo, con la tradicional \u201cPuerto [&hellip;]<\/p>\n","protected":false},"author":4,"featured_media":16050,"comment_status":"open","ping_status":"closed","sticky":false,"template":"","format":"standard","meta":{"om_disable_all_campaigns":false,"_jetpack_memberships_contains_paid_content":false,"footnotes":""},"categories":[5],"tags":[],"class_list":["post-16047","post","type-post","status-publish","format-standard","has-post-thumbnail","hentry","category-deportes"],"aioseo_notices":[],"gutentor_comment":0,"jetpack_featured_media_url":"https:\/\/eldiariodesanpedro.com.ar\/sitio\/wp-content\/uploads\/2017\/03\/La-promoci\u00f3n-del-evento-1.jpg","jetpack_shortlink":"https:\/\/wp.me\/p6RhLt-4aP","jetpack_sharing_enabled":true,"_links":{"self":[{"href":"https:\/\/eldiariodesanpedro.com.ar\/sitio\/wp-json\/wp\/v2\/posts\/16047","targetHints":{"allow":["GET"]}}],"collection":[{"href":"https:\/\/eldiariodesanpedro.com.ar\/sitio\/wp-json\/wp\/v2\/posts"}],"about":[{"href":"https:\/\/eldiariodesanpedro.com.ar\/sitio\/wp-json\/wp\/v2\/types\/post"}],"author":[{"embeddable":true,"href":"https:\/\/eldiariodesanpedro.com.ar\/sitio\/wp-json\/wp\/v2\/users\/4"}],"replies":[{"embeddable":true,"href":"https:\/\/eldiariodesanpedro.com.ar\/sitio\/wp-json\/wp\/v2\/comments?post=16047"}],"version-history":[{"count":1,"href":"https:\/\/eldiariodesanpedro.com.ar\/sitio\/wp-json\/wp\/v2\/posts\/16047\/revisions"}],"predecessor-version":[{"id":16049,"href":"https:\/\/eldiariodesanpedro.com.ar\/sitio\/wp-json\/wp\/v2\/posts\/16047\/revisions\/16049"}],"wp:featuredmedia":[{"embeddable":true,"href":"https:\/\/eldiariodesanpedro.com.ar\/sitio\/wp-json\/wp\/v2\/media\/16050"}],"wp:attachment":[{"href":"https:\/\/eldiariodesanpedro.com.ar\/sitio\/wp-json\/wp\/v2\/media?parent=16047"}],"wp:term":[{"taxonomy":"category","embeddable":true,"href":"https:\/\/eldiariodesanpedro.com.ar\/sitio\/wp-json\/wp\/v2\/categories?post=16047"},{"taxonomy":"post_tag","embeddable":true,"href":"https:\/\/eldiariodesanpedro.com.ar\/sitio\/wp-json\/wp\/v2\/tags?post=16047"}],"curies":[{"name":"wp","href":"https:\/\/api.w.org\/{rel}","templated":true}]}}