{"id":16044,"date":"2017-03-15T20:32:22","date_gmt":"2017-03-15T23:32:22","guid":{"rendered":"https:\/\/eldiariodesanpedro.com.ar\/sitio\/?p=16044"},"modified":"2026-01-24T00:30:46","modified_gmt":"2026-01-24T03:30:46","slug":"torneos-bonaerenses-2017-ya-se-encuentra-abierta-la-inscripcion-en-cultura-y-deportes","status":"publish","type":"post","link":"https:\/\/eldiariodesanpedro.com.ar\/sitio\/torneos-bonaerenses-2017-ya-se-encuentra-abierta-la-inscripcion-en-cultura-y-deportes\/","title":{"rendered":"TORNEOS BONAERENSES 2017: Ya se encuentra abierta la inscripci\u00f3n en Cultura y Deportes"},"content":{"rendered":"<p><!-- VideographyWP Plugin Message: Automatic video embedding prevented by plugin options. --><br \/>\n  Hasta el 10 de abril se encuentra abierta la inscripci\u00f3n para la edici\u00f3n 2017 de los torneos que organiza la Provincia de Buenos Aires. La etapa municipal comenzar\u00e1 a disputarse el 16 de abril prolog\u00e1ndose hasta el 16 de junio, mientras que la final provincial en Mar del Plata tendr\u00e1 lugar entre el 30 de septiembre y el 4 de octubre.<\/p>\n<p>  <strong>Categor\u00edas que podr\u00e1n participar <\/strong><\/p>\n<p>  En juveniles podr\u00e1n inscribirse los nacidos en el 2002, 2003, 2004 y 2005, que ser\u00edan los correspondientes a la categor\u00eda SUB 15. Y los nacidos en los a\u00f1os 1999, 2000 y 2001, competir\u00e1n en la SUB 18.<\/p>\n<p>  En adultos mayores podr\u00e1n participar los nacidos en el a\u00f1o 1957 inclusive, y anteriores.<\/p>\n<p>  Quienes deseen inscribirse deber\u00e1n presentar fotocopia de DNI actualizado en Salta y Arnaldo, Direcci\u00f3n de Cultura.<\/p>\n<p><strong>Disciplinas culturales:<\/strong><\/p>\n<p><em>Artes Pl\u00e1sticas<\/em><br \/>\nDibujo (Juveniles SUB 15\/Juveniles SUB 18\/Adultos Mayores)<br \/>\nPintura (Juveniles SUB 15\/Juveniles SUB 18\/Adultos Mayores)<br \/>\nObjeto Art\u00edstico Tridimensional (Juveniles SUB 15\/Juveniles SUB 18\/Adultos Mayores)<\/p>\n<p><em>Cocineros Bonaerenses<\/em><br \/>\nPlato Principal (Juveniles \u00danica\/Adultos Mayores)<br \/>\nPostre (Juveniles \u00danica\/Adultos Mayores)<\/p>\n<p><em>Literatura<\/em><br \/>\nPoes\u00eda (Juveniles SUB 15\/Juveniles SUB 18\/Adultos Mayores)<br \/>\nNarrativa (Juveniles SUB 15\/Juveniles SUB 18\/Adultos Mayores)<\/p>\n<p><em>Disciplinas Din\u00e1micas<\/em><br \/>\nDanzas Folkl\u00f3ricas Tradicional Bonaerense (Pareja Juveniles SUB 15\/Pareja Juveniles SUB 18\/Pareja Adultos)<br \/>\nDanza Tango Tradicional (Pareja Juveniles SUB 15\/Pareja Juveniles SUB 18 \/Pareja Adultos)<br \/>\nM\u00fasica Rock Conjunto (Juveniles \u00fanica)<br \/>\nSolista Vocal (Juveniles SUB 15\/Juveniles SUB 18 \/Adultos mayores)<br \/>\nTeatro Grupal (Juveniles \u00fanica\/Adultos \u00fanica)<\/p>\n","protected":false},"excerpt":{"rendered":"<p>Hasta el 10 de abril se encuentra abierta la inscripci\u00f3n para la edici\u00f3n 2017 de los torneos que organiza la Provincia de Buenos Aires. La etapa municipal comenzar\u00e1 a disputarse el 16 de abril prolog\u00e1ndose hasta el 16 de junio, mientras que la final provincial en Mar del Plata tendr\u00e1 lugar entre el 30 de [&hellip;]<\/p>\n","protected":false},"author":4,"featured_media":16045,"comment_status":"open","ping_status":"closed","sticky":false,"template":"","format":"standard","meta":{"om_disable_all_campaigns":false,"_jetpack_memberships_contains_paid_content":false,"footnotes":""},"categories":[5],"tags":[],"class_list":["post-16044","post","type-post","status-publish","format-standard","has-post-thumbnail","hentry","category-deportes"],"aioseo_notices":[],"gutentor_comment":2,"jetpack_featured_media_url":"https:\/\/eldiariodesanpedro.com.ar\/sitio\/wp-content\/uploads\/2017\/03\/Juegos-Bonaerenses.jpg","jetpack_shortlink":"https:\/\/wp.me\/p6RhLt-4aM","jetpack_sharing_enabled":true,"_links":{"self":[{"href":"https:\/\/eldiariodesanpedro.com.ar\/sitio\/wp-json\/wp\/v2\/posts\/16044","targetHints":{"allow":["GET"]}}],"collection":[{"href":"https:\/\/eldiariodesanpedro.com.ar\/sitio\/wp-json\/wp\/v2\/posts"}],"about":[{"href":"https:\/\/eldiariodesanpedro.com.ar\/sitio\/wp-json\/wp\/v2\/types\/post"}],"author":[{"embeddable":true,"href":"https:\/\/eldiariodesanpedro.com.ar\/sitio\/wp-json\/wp\/v2\/users\/4"}],"replies":[{"embeddable":true,"href":"https:\/\/eldiariodesanpedro.com.ar\/sitio\/wp-json\/wp\/v2\/comments?post=16044"}],"version-history":[{"count":1,"href":"https:\/\/eldiariodesanpedro.com.ar\/sitio\/wp-json\/wp\/v2\/posts\/16044\/revisions"}],"predecessor-version":[{"id":16046,"href":"https:\/\/eldiariodesanpedro.com.ar\/sitio\/wp-json\/wp\/v2\/posts\/16044\/revisions\/16046"}],"wp:featuredmedia":[{"embeddable":true,"href":"https:\/\/eldiariodesanpedro.com.ar\/sitio\/wp-json\/wp\/v2\/media\/16045"}],"wp:attachment":[{"href":"https:\/\/eldiariodesanpedro.com.ar\/sitio\/wp-json\/wp\/v2\/media?parent=16044"}],"wp:term":[{"taxonomy":"category","embeddable":true,"href":"https:\/\/eldiariodesanpedro.com.ar\/sitio\/wp-json\/wp\/v2\/categories?post=16044"},{"taxonomy":"post_tag","embeddable":true,"href":"https:\/\/eldiariodesanpedro.com.ar\/sitio\/wp-json\/wp\/v2\/tags?post=16044"}],"curies":[{"name":"wp","href":"https:\/\/api.w.org\/{rel}","templated":true}]}}