{"id":16040,"date":"2017-03-15T19:58:27","date_gmt":"2017-03-15T22:58:27","guid":{"rendered":"https:\/\/eldiariodesanpedro.com.ar\/sitio\/?p=16040"},"modified":"2017-03-15T19:58:27","modified_gmt":"2017-03-15T22:58:27","slug":"el-intendente-visito-el-centro-801","status":"publish","type":"post","link":"https:\/\/eldiariodesanpedro.com.ar\/sitio\/el-intendente-visito-el-centro-801\/","title":{"rendered":"El Intendente visit\u00f3 el Centro 801"},"content":{"rendered":"<p><!-- VideographyWP Plugin Message: Automatic video embedding prevented by plugin options. --><br \/>\n Acompa\u00f1ado por Consejeros Escolares y por su Secretario Privado y de Prensa Jonath\u00e1n Galv\u00e1n, el Intendente Cecilio Salazar visit\u00f3 el Centro 801 ubicado en Belgrano y Aul\u00ed.<\/p>\n<p>  Tras dialogar con las docentes, Salazar almorz\u00f3 con los ni\u00f1os que contaron al Jefe Comunal de qu\u00e9 barrio proven\u00edan y a qu\u00e9 escuelas deber\u00edan asistir.<\/p>\n<p>  Durante la recorrida por el edificio, el mandatario asegur\u00f3 que comenzar\u00e1n con obras para su remodelaci\u00f3n. Hablaron de ampliarlo creando un espacio de usos m\u00faltiples, cambiar los techos y acondicionar el patio.<\/p>\n<p>  A trav\u00e9s de su p\u00e1gina de Facebook, Salazar dijo: \u00abCuando hablamos de clases no s\u00f3lo hablamos de ense\u00f1ar, sino tambi\u00e9n de asistir. En nuestra ciudad existen comedores educativos como el del Centro 801 donde diariamente, pese a que no se dicten clases, asisten ni\u00f1os que desayunan, almuerzan y meriendan\u00bb.<\/p>\n<p>  \u00abJunto a Consejeros Escolares, hoy recorr\u00ed el edificio y tomamos nota para poder comenzar con un proyecto de ampliaci\u00f3n y mejoras en el mismo; un nuevo sum, reemplazo de techos y acondicionamiento del patio. \u00a1Crecer y aprender en un lugar que sea seguro y confortable! Nuestros chicos se lo merecen, sigamos creciendo, sigamos construyendo futuro\u00bb.<\/p>\n","protected":false},"excerpt":{"rendered":"<p>Acompa\u00f1ado por Consejeros Escolares y por su Secretario Privado y de Prensa Jonath\u00e1n Galv\u00e1n, el Intendente Cecilio Salazar visit\u00f3 el Centro 801 ubicado en Belgrano y Aul\u00ed. Tras dialogar con las docentes, Salazar almorz\u00f3 con los ni\u00f1os que contaron al Jefe Comunal de qu\u00e9 barrio proven\u00edan y a qu\u00e9 escuelas deber\u00edan asistir. Durante la recorrida [&hellip;]<\/p>\n","protected":false},"author":4,"featured_media":16041,"comment_status":"open","ping_status":"closed","sticky":false,"template":"","format":"standard","meta":{"om_disable_all_campaigns":false,"_jetpack_memberships_contains_paid_content":false,"footnotes":""},"categories":[101,2],"tags":[],"class_list":["post-16040","post","type-post","status-publish","format-standard","has-post-thumbnail","hentry","category-interes-general-locales","category-locales"],"aioseo_notices":[],"gutentor_comment":0,"jetpack_featured_media_url":"https:\/\/eldiariodesanpedro.com.ar\/sitio\/wp-content\/uploads\/2017\/03\/el-intendente-salazar-en-el-Centro-801.jpg","jetpack_shortlink":"https:\/\/wp.me\/p6RhLt-4aI","jetpack_sharing_enabled":true,"_links":{"self":[{"href":"https:\/\/eldiariodesanpedro.com.ar\/sitio\/wp-json\/wp\/v2\/posts\/16040","targetHints":{"allow":["GET"]}}],"collection":[{"href":"https:\/\/eldiariodesanpedro.com.ar\/sitio\/wp-json\/wp\/v2\/posts"}],"about":[{"href":"https:\/\/eldiariodesanpedro.com.ar\/sitio\/wp-json\/wp\/v2\/types\/post"}],"author":[{"embeddable":true,"href":"https:\/\/eldiariodesanpedro.com.ar\/sitio\/wp-json\/wp\/v2\/users\/4"}],"replies":[{"embeddable":true,"href":"https:\/\/eldiariodesanpedro.com.ar\/sitio\/wp-json\/wp\/v2\/comments?post=16040"}],"version-history":[{"count":1,"href":"https:\/\/eldiariodesanpedro.com.ar\/sitio\/wp-json\/wp\/v2\/posts\/16040\/revisions"}],"predecessor-version":[{"id":16042,"href":"https:\/\/eldiariodesanpedro.com.ar\/sitio\/wp-json\/wp\/v2\/posts\/16040\/revisions\/16042"}],"wp:featuredmedia":[{"embeddable":true,"href":"https:\/\/eldiariodesanpedro.com.ar\/sitio\/wp-json\/wp\/v2\/media\/16041"}],"wp:attachment":[{"href":"https:\/\/eldiariodesanpedro.com.ar\/sitio\/wp-json\/wp\/v2\/media?parent=16040"}],"wp:term":[{"taxonomy":"category","embeddable":true,"href":"https:\/\/eldiariodesanpedro.com.ar\/sitio\/wp-json\/wp\/v2\/categories?post=16040"},{"taxonomy":"post_tag","embeddable":true,"href":"https:\/\/eldiariodesanpedro.com.ar\/sitio\/wp-json\/wp\/v2\/tags?post=16040"}],"curies":[{"name":"wp","href":"https:\/\/api.w.org\/{rel}","templated":true}]}}