{"id":16037,"date":"2017-03-15T19:55:30","date_gmt":"2017-03-15T22:55:30","guid":{"rendered":"https:\/\/eldiariodesanpedro.com.ar\/sitio\/?p=16037"},"modified":"2017-03-15T20:24:25","modified_gmt":"2017-03-15T23:24:25","slug":"poste-caido-tras-la-tormenta-de-la-semana-pasada","status":"publish","type":"post","link":"https:\/\/eldiariodesanpedro.com.ar\/sitio\/poste-caido-tras-la-tormenta-de-la-semana-pasada\/","title":{"rendered":"Poste ca\u00eddo tras la tormenta de la semana pasada"},"content":{"rendered":"<p><!-- VideographyWP Plugin Message: Automatic video embedding prevented by plugin options. --><br \/>\n El poste del tendido de red telef\u00f3nica, que se encuentra en calle Obligado a pocos metros de Padre Santana, sufri\u00f3 una fractura sobre su base y se encuentra sostenido tan s\u00f3lo por los cables, como consecuencia de la tormenta de la semana pasada. <\/p>\n<p>  La columna de madera est\u00e1 sobre un terreno descampado y las viviendas est\u00e1n a varios metros. De cualquier manera, su peligrosidad radica en la cantidad de ni\u00f1os que realizan actividades al aire libre en ese lugar.<\/p>\n<p>  Por el momento la empresa Telecom no se ha hecho presente para hacer el recambio necesario.<\/p>\n","protected":false},"excerpt":{"rendered":"<p>El poste del tendido de red telef\u00f3nica, que se encuentra en calle Obligado a pocos metros de Padre Santana, sufri\u00f3 una fractura sobre su base y se encuentra sostenido tan s\u00f3lo por los cables, como consecuencia de la tormenta de la semana pasada. La columna de madera est\u00e1 sobre un terreno descampado y las viviendas [&hellip;]<\/p>\n","protected":false},"author":4,"featured_media":16038,"comment_status":"open","ping_status":"closed","sticky":false,"template":"","format":"standard","meta":{"om_disable_all_campaigns":false,"_jetpack_memberships_contains_paid_content":false,"footnotes":""},"categories":[101,2],"tags":[],"class_list":["post-16037","post","type-post","status-publish","format-standard","has-post-thumbnail","hentry","category-interes-general-locales","category-locales"],"aioseo_notices":[],"gutentor_comment":0,"jetpack_featured_media_url":"https:\/\/eldiariodesanpedro.com.ar\/sitio\/wp-content\/uploads\/2017\/03\/arbol-caido.jpg","jetpack_shortlink":"https:\/\/wp.me\/p6RhLt-4aF","jetpack_sharing_enabled":true,"_links":{"self":[{"href":"https:\/\/eldiariodesanpedro.com.ar\/sitio\/wp-json\/wp\/v2\/posts\/16037","targetHints":{"allow":["GET"]}}],"collection":[{"href":"https:\/\/eldiariodesanpedro.com.ar\/sitio\/wp-json\/wp\/v2\/posts"}],"about":[{"href":"https:\/\/eldiariodesanpedro.com.ar\/sitio\/wp-json\/wp\/v2\/types\/post"}],"author":[{"embeddable":true,"href":"https:\/\/eldiariodesanpedro.com.ar\/sitio\/wp-json\/wp\/v2\/users\/4"}],"replies":[{"embeddable":true,"href":"https:\/\/eldiariodesanpedro.com.ar\/sitio\/wp-json\/wp\/v2\/comments?post=16037"}],"version-history":[{"count":1,"href":"https:\/\/eldiariodesanpedro.com.ar\/sitio\/wp-json\/wp\/v2\/posts\/16037\/revisions"}],"predecessor-version":[{"id":16039,"href":"https:\/\/eldiariodesanpedro.com.ar\/sitio\/wp-json\/wp\/v2\/posts\/16037\/revisions\/16039"}],"wp:featuredmedia":[{"embeddable":true,"href":"https:\/\/eldiariodesanpedro.com.ar\/sitio\/wp-json\/wp\/v2\/media\/16038"}],"wp:attachment":[{"href":"https:\/\/eldiariodesanpedro.com.ar\/sitio\/wp-json\/wp\/v2\/media?parent=16037"}],"wp:term":[{"taxonomy":"category","embeddable":true,"href":"https:\/\/eldiariodesanpedro.com.ar\/sitio\/wp-json\/wp\/v2\/categories?post=16037"},{"taxonomy":"post_tag","embeddable":true,"href":"https:\/\/eldiariodesanpedro.com.ar\/sitio\/wp-json\/wp\/v2\/tags?post=16037"}],"curies":[{"name":"wp","href":"https:\/\/api.w.org\/{rel}","templated":true}]}}