{"id":16031,"date":"2017-03-15T19:14:00","date_gmt":"2017-03-15T22:14:00","guid":{"rendered":"https:\/\/eldiariodesanpedro.com.ar\/sitio\/?p=16031"},"modified":"2017-03-15T19:14:00","modified_gmt":"2017-03-15T22:14:00","slug":"san-nicolas-la-municipalidad-multo-a-la-empresa-vercelli-en-350-000-por-incumplimiento","status":"publish","type":"post","link":"https:\/\/eldiariodesanpedro.com.ar\/sitio\/san-nicolas-la-municipalidad-multo-a-la-empresa-vercelli-en-350-000-por-incumplimiento\/","title":{"rendered":"SAN NICOL\u00c1S: La Municipalidad mult\u00f3 a la empresa Vercelli en $350.000 por incumplimiento"},"content":{"rendered":"<p><!-- VideographyWP Plugin Message: Automatic video embedding prevented by plugin options. --><br \/>\n Desde el jueves pasado, el servicio de transporte p\u00fablico local se ha visto interrumpido por la decisi\u00f3n de la empresa Vercelli de suspender a sus choferes, bajo pretexto de no poder asumir los riesgos empresariales tras el voto negativo al aumento del boleto en el Concejo. Por ello, el Municipio le aplic\u00f3 una multa de $350.000, que seguir\u00e1 aumentando cada d\u00eda conforme contin\u00fae el incumplimiento del contrato.<\/p>\n<p>  Cabe recordar que el Municipio hab\u00eda tomado medidas similares en 2013 y 2015, donde adem\u00e1s de la sanci\u00f3n econ\u00f3mica impuesta a la empresa se le redujo la cantidad de a\u00f1os de licitaci\u00f3n para la prestaci\u00f3n de servicio, una medida que no se descarta pueda ser tomada tambi\u00e9n en esta oportunidad.<\/p>\n<p>  Desde el Municipio afirmaron que el objetivo de la medida es \u201cque se cumpla el pliego de licitaci\u00f3n mediante el cual la empresa fue contratada para brindar el servicio de transporte p\u00fablico, porque la medida de fuerza perjudica seriamente a los vecinos que necesitan el servicio\u201d.<\/p>\n<p>  En la imagen se observa a la Presidente de la empresa Lorena Vercelli y su hermano Daniel. (http:\/\/www.diarioelinformante.com.ar )<\/p>\n","protected":false},"excerpt":{"rendered":"<p>Desde el jueves pasado, el servicio de transporte p\u00fablico local se ha visto interrumpido por la decisi\u00f3n de la empresa Vercelli de suspender a sus choferes, bajo pretexto de no poder asumir los riesgos empresariales tras el voto negativo al aumento del boleto en el Concejo. Por ello, el Municipio le aplic\u00f3 una multa de [&hellip;]<\/p>\n","protected":false},"author":4,"featured_media":16032,"comment_status":"open","ping_status":"closed","sticky":false,"template":"","format":"standard","meta":{"om_disable_all_campaigns":false,"_jetpack_memberships_contains_paid_content":false,"footnotes":""},"categories":[621],"tags":[],"class_list":["post-16031","post","type-post","status-publish","format-standard","has-post-thumbnail","hentry","category-regionales"],"aioseo_notices":[],"gutentor_comment":0,"jetpack_featured_media_url":"https:\/\/eldiariodesanpedro.com.ar\/sitio\/wp-content\/uploads\/2017\/03\/Presidente-de-la-empresa-Lorena-Vercelli-y-su-hermano-Daniel.jpg","jetpack_shortlink":"https:\/\/wp.me\/p6RhLt-4az","jetpack_sharing_enabled":true,"_links":{"self":[{"href":"https:\/\/eldiariodesanpedro.com.ar\/sitio\/wp-json\/wp\/v2\/posts\/16031","targetHints":{"allow":["GET"]}}],"collection":[{"href":"https:\/\/eldiariodesanpedro.com.ar\/sitio\/wp-json\/wp\/v2\/posts"}],"about":[{"href":"https:\/\/eldiariodesanpedro.com.ar\/sitio\/wp-json\/wp\/v2\/types\/post"}],"author":[{"embeddable":true,"href":"https:\/\/eldiariodesanpedro.com.ar\/sitio\/wp-json\/wp\/v2\/users\/4"}],"replies":[{"embeddable":true,"href":"https:\/\/eldiariodesanpedro.com.ar\/sitio\/wp-json\/wp\/v2\/comments?post=16031"}],"version-history":[{"count":1,"href":"https:\/\/eldiariodesanpedro.com.ar\/sitio\/wp-json\/wp\/v2\/posts\/16031\/revisions"}],"predecessor-version":[{"id":16033,"href":"https:\/\/eldiariodesanpedro.com.ar\/sitio\/wp-json\/wp\/v2\/posts\/16031\/revisions\/16033"}],"wp:featuredmedia":[{"embeddable":true,"href":"https:\/\/eldiariodesanpedro.com.ar\/sitio\/wp-json\/wp\/v2\/media\/16032"}],"wp:attachment":[{"href":"https:\/\/eldiariodesanpedro.com.ar\/sitio\/wp-json\/wp\/v2\/media?parent=16031"}],"wp:term":[{"taxonomy":"category","embeddable":true,"href":"https:\/\/eldiariodesanpedro.com.ar\/sitio\/wp-json\/wp\/v2\/categories?post=16031"},{"taxonomy":"post_tag","embeddable":true,"href":"https:\/\/eldiariodesanpedro.com.ar\/sitio\/wp-json\/wp\/v2\/tags?post=16031"}],"curies":[{"name":"wp","href":"https:\/\/api.w.org\/{rel}","templated":true}]}}