{"id":16028,"date":"2017-03-15T19:08:17","date_gmt":"2017-03-15T22:08:17","guid":{"rendered":"https:\/\/eldiariodesanpedro.com.ar\/sitio\/?p=16028"},"modified":"2017-03-15T19:08:17","modified_gmt":"2017-03-15T22:08:17","slug":"baradero-atanor-el-lunes-vence-la-conciliacion-obligatoria","status":"publish","type":"post","link":"https:\/\/eldiariodesanpedro.com.ar\/sitio\/baradero-atanor-el-lunes-vence-la-conciliacion-obligatoria\/","title":{"rendered":"BARADERO, ATANOR: El lunes vence la Conciliaci\u00f3n Obligatoria"},"content":{"rendered":"<p><!-- VideographyWP Plugin Message: Automatic video embedding prevented by plugin options. --><br \/>\n Este lunes se llev\u00f3 adelante una nueva audiencia por la situaci\u00f3n de los trabajadores de ATANOR en el Ministerio de Trabajo de la provincia de Buenos Aires, en la ciudad de La Plata.<\/p>\n<p>  N\u00e9stor Carrizo, cont\u00f3 los detalles de c\u00f3mo sigue este conflicto en la 105.7 \u00abTu Radio\u00bb.<\/p>\n<p>  Como una diferencia respecto de las reuniones anteriores, Carrizo marc\u00f3 que en esta ocasi\u00f3n, se agreg\u00f3 el Sub Secretario de Industria de la Provincia a la mesa.<\/p>\n<p>  La Conciliaci\u00f3n Obligatoria emitida por el Ministerio vence este lunes y puede ampliarse cinco d\u00edas m\u00e1s. Pero los representantes del sindicato de Qu\u00edmicos y Petroqu\u00edmicos de Z\u00e1rate, manifestaron: \u00absometerse voluntariamente a una extensi\u00f3n de la Conciliaci\u00f3n Obligatoria de ciento veinte d\u00edas\u201d.<\/p>\n<p>  De todos modos, Carrizo remarc\u00f3: \u201cpero pedimos que la empresa cumpla completamente con la Conciliaci\u00f3n, como es poder producir en la planta\u201d.<\/p>\n<p>\u201cSi hay alguna situaci\u00f3n que no han puesto arriba de la mesa, lo veremos el lunes\u201d.<\/p>\n<p>  Respecto a cuales son los posibles caminos a seguir, el representante de los trabajadores qu\u00edmicos respondi\u00f3: \u201cLa confrontaci\u00f3n. Cuando uno se queda sin fuentes de trabajo no hay otra salida que la confrontaci\u00f3n\u201d. \u201cHoy hemos elegido el camino de sentarnos en la mesa, pero si no, el camino es la confrontaci\u00f3n\u201d.<\/p>\n<p>  El pr\u00f3ximo lunes tendr\u00e1n la reuni\u00f3n que definir\u00eda la situaci\u00f3n laboral de los trabajadores de ATANOR. (Tu L\u00ednea Directa)<\/p>\n","protected":false},"excerpt":{"rendered":"<p>Este lunes se llev\u00f3 adelante una nueva audiencia por la situaci\u00f3n de los trabajadores de ATANOR en el Ministerio de Trabajo de la provincia de Buenos Aires, en la ciudad de La Plata. N\u00e9stor Carrizo, cont\u00f3 los detalles de c\u00f3mo sigue este conflicto en la 105.7 \u00abTu Radio\u00bb. Como una diferencia respecto de las reuniones [&hellip;]<\/p>\n","protected":false},"author":4,"featured_media":16029,"comment_status":"open","ping_status":"closed","sticky":false,"template":"","format":"standard","meta":{"om_disable_all_campaigns":false,"_jetpack_memberships_contains_paid_content":false,"footnotes":""},"categories":[621],"tags":[],"class_list":["post-16028","post","type-post","status-publish","format-standard","has-post-thumbnail","hentry","category-regionales"],"aioseo_notices":[],"gutentor_comment":0,"jetpack_featured_media_url":"https:\/\/eldiariodesanpedro.com.ar\/sitio\/wp-content\/uploads\/2017\/03\/La-planta-de-ATANOR-en-Baradero.jpg","jetpack_shortlink":"https:\/\/wp.me\/p6RhLt-4aw","jetpack_sharing_enabled":true,"_links":{"self":[{"href":"https:\/\/eldiariodesanpedro.com.ar\/sitio\/wp-json\/wp\/v2\/posts\/16028","targetHints":{"allow":["GET"]}}],"collection":[{"href":"https:\/\/eldiariodesanpedro.com.ar\/sitio\/wp-json\/wp\/v2\/posts"}],"about":[{"href":"https:\/\/eldiariodesanpedro.com.ar\/sitio\/wp-json\/wp\/v2\/types\/post"}],"author":[{"embeddable":true,"href":"https:\/\/eldiariodesanpedro.com.ar\/sitio\/wp-json\/wp\/v2\/users\/4"}],"replies":[{"embeddable":true,"href":"https:\/\/eldiariodesanpedro.com.ar\/sitio\/wp-json\/wp\/v2\/comments?post=16028"}],"version-history":[{"count":1,"href":"https:\/\/eldiariodesanpedro.com.ar\/sitio\/wp-json\/wp\/v2\/posts\/16028\/revisions"}],"predecessor-version":[{"id":16030,"href":"https:\/\/eldiariodesanpedro.com.ar\/sitio\/wp-json\/wp\/v2\/posts\/16028\/revisions\/16030"}],"wp:featuredmedia":[{"embeddable":true,"href":"https:\/\/eldiariodesanpedro.com.ar\/sitio\/wp-json\/wp\/v2\/media\/16029"}],"wp:attachment":[{"href":"https:\/\/eldiariodesanpedro.com.ar\/sitio\/wp-json\/wp\/v2\/media?parent=16028"}],"wp:term":[{"taxonomy":"category","embeddable":true,"href":"https:\/\/eldiariodesanpedro.com.ar\/sitio\/wp-json\/wp\/v2\/categories?post=16028"},{"taxonomy":"post_tag","embeddable":true,"href":"https:\/\/eldiariodesanpedro.com.ar\/sitio\/wp-json\/wp\/v2\/tags?post=16028"}],"curies":[{"name":"wp","href":"https:\/\/api.w.org\/{rel}","templated":true}]}}