{"id":16025,"date":"2017-03-15T19:02:12","date_gmt":"2017-03-15T22:02:12","guid":{"rendered":"https:\/\/eldiariodesanpedro.com.ar\/sitio\/?p=16025"},"modified":"2017-03-15T19:02:12","modified_gmt":"2017-03-15T22:02:12","slug":"cabaleiro-se-reunio-con-salazar-y-se-interiorizo-sobre-la-situacion-de-la-deuda-con-ashira","status":"publish","type":"post","link":"https:\/\/eldiariodesanpedro.com.ar\/sitio\/cabaleiro-se-reunio-con-salazar-y-se-interiorizo-sobre-la-situacion-de-la-deuda-con-ashira\/","title":{"rendered":"Cabaleiro se reuni\u00f3 con Salazar y se interioriz\u00f3 sobre la situaci\u00f3n de la deuda con Ashira"},"content":{"rendered":"<p><!-- VideographyWP Plugin Message: Automatic video embedding prevented by plugin options. --><br \/>\n En la ma\u00f1ana de hoy integrantes del gremio que nuclea a los camioneros, se reunieron con el Intendente Salazar y algunos integrantes del Gabinete para interiorizarse sobre la posibilidad de cambio de roles por parte de algunos trabajadores de la empresa recolectora de residuos que est\u00e1n afiliados al sindicato.<\/p>\n<p>  En principio, el Secretario General de la Seccional San Nicol\u00e1s, Julio Cabaleiro cont\u00f3: \u201cEl municipio no se est\u00e1 endeudando, est\u00e1 pagando al d\u00eda y lo que corresponde. Pero tienen que arreglar un tema que viene de vieja data, de los 12 a\u00f1os de tirar manteca al techo\u201d.<\/p>\n<p>  En tanto que sostuvo, que frente a la posibilidad que se deje de hacer el barrido mec\u00e1nico, \u201cel Intendente nos ha transmitido su compromiso, en hacer un esfuerzo para que no se despida ning\u00fan trabajador y que se los reubique, o se les de tareas acorde a la necesidad\u201d. <\/p>\n<p>  Por otro lado agreg\u00f3: \u201cLa empresa querr\u00eda sacar a dos empleados que tendr\u00edan problemas con ellos, pero que no tiene nada que ver con esto\u201d, que \u201cno ser\u00edan de utilidad para la empresa, pero que no modificar\u00eda su plan de trabajo\u201d.  <\/p>\n<p>  Sobre ello, aclar\u00f3: \u201cHace a\u00f1os que vienen trabajando mal y hay quienes tienen 11 de parte de accidente, o sea, est\u00e1n esperando hasta el \u00faltimo mes para empezar a trabajar\u201d por lo que \u201chabr\u00eda una indemnizaci\u00f3n y se los sacar\u00eda de encima\u201d. <\/p>\n","protected":false},"excerpt":{"rendered":"<p>En la ma\u00f1ana de hoy integrantes del gremio que nuclea a los camioneros, se reunieron con el Intendente Salazar y algunos integrantes del Gabinete para interiorizarse sobre la posibilidad de cambio de roles por parte de algunos trabajadores de la empresa recolectora de residuos que est\u00e1n afiliados al sindicato. En principio, el Secretario General de [&hellip;]<\/p>\n","protected":false},"author":4,"featured_media":16026,"comment_status":"open","ping_status":"closed","sticky":false,"template":"","format":"standard","meta":{"om_disable_all_campaigns":false,"_jetpack_memberships_contains_paid_content":false,"footnotes":""},"categories":[2,102],"tags":[],"class_list":["post-16025","post","type-post","status-publish","format-standard","has-post-thumbnail","hentry","category-locales","category-politica-locales"],"aioseo_notices":[],"gutentor_comment":0,"jetpack_featured_media_url":"https:\/\/eldiariodesanpedro.com.ar\/sitio\/wp-content\/uploads\/2017\/03\/Cabaleiro.jpg","jetpack_shortlink":"https:\/\/wp.me\/p6RhLt-4at","jetpack_sharing_enabled":true,"_links":{"self":[{"href":"https:\/\/eldiariodesanpedro.com.ar\/sitio\/wp-json\/wp\/v2\/posts\/16025","targetHints":{"allow":["GET"]}}],"collection":[{"href":"https:\/\/eldiariodesanpedro.com.ar\/sitio\/wp-json\/wp\/v2\/posts"}],"about":[{"href":"https:\/\/eldiariodesanpedro.com.ar\/sitio\/wp-json\/wp\/v2\/types\/post"}],"author":[{"embeddable":true,"href":"https:\/\/eldiariodesanpedro.com.ar\/sitio\/wp-json\/wp\/v2\/users\/4"}],"replies":[{"embeddable":true,"href":"https:\/\/eldiariodesanpedro.com.ar\/sitio\/wp-json\/wp\/v2\/comments?post=16025"}],"version-history":[{"count":1,"href":"https:\/\/eldiariodesanpedro.com.ar\/sitio\/wp-json\/wp\/v2\/posts\/16025\/revisions"}],"predecessor-version":[{"id":16027,"href":"https:\/\/eldiariodesanpedro.com.ar\/sitio\/wp-json\/wp\/v2\/posts\/16025\/revisions\/16027"}],"wp:featuredmedia":[{"embeddable":true,"href":"https:\/\/eldiariodesanpedro.com.ar\/sitio\/wp-json\/wp\/v2\/media\/16026"}],"wp:attachment":[{"href":"https:\/\/eldiariodesanpedro.com.ar\/sitio\/wp-json\/wp\/v2\/media?parent=16025"}],"wp:term":[{"taxonomy":"category","embeddable":true,"href":"https:\/\/eldiariodesanpedro.com.ar\/sitio\/wp-json\/wp\/v2\/categories?post=16025"},{"taxonomy":"post_tag","embeddable":true,"href":"https:\/\/eldiariodesanpedro.com.ar\/sitio\/wp-json\/wp\/v2\/tags?post=16025"}],"curies":[{"name":"wp","href":"https:\/\/api.w.org\/{rel}","templated":true}]}}