{"id":16022,"date":"2017-03-15T18:58:08","date_gmt":"2017-03-15T21:58:08","guid":{"rendered":"https:\/\/eldiariodesanpedro.com.ar\/sitio\/?p=16022"},"modified":"2017-03-15T18:58:08","modified_gmt":"2017-03-15T21:58:08","slug":"salazar-participo-del-congreso-del-partido-fe-presidido-por-geronimo-venegas","status":"publish","type":"post","link":"https:\/\/eldiariodesanpedro.com.ar\/sitio\/salazar-participo-del-congreso-del-partido-fe-presidido-por-geronimo-venegas\/","title":{"rendered":"Salazar particip\u00f3 del Congreso del Partido FE presidido por Ger\u00f3nimo Venegas"},"content":{"rendered":"<p><!-- VideographyWP Plugin Message: Automatic video embedding prevented by plugin options. --><br \/>\n El Mandatario Comunal estuvo en la jornada de hoy en el acto que se desarroll\u00f3 en el Club Gimnasia y Esgrima de La Plata. El encuentro cont\u00f3 con la participaci\u00f3n de varios funcionarios provinciales, como el Vicegobernador bonaerense Daniel Salvador y el Subsecretario de Asuntos Municipales Alex Campbell. El partido FE se reuni\u00f3 con el fin de reafirmar su apoyo a la alianza Cambiemos.<\/p>\n<p>  En el acto, hicieron uso de la palabra varios referentes del partido, entre ellos el sindicalista y conductor del movimiento, Ger\u00f3nimo \u201cmomo\u201d Venegas, qui\u00e9n destac\u00f3 confiado que \u201c\u00a1en las elecciones que viene no vamos a ganar, vamos a arrasar!\u201d confirmando el apoyo a Cambiemos como frente electoral.<\/p>\n<p>  M\u00e1s tarde y en l\u00ednea con esto, Campbell destac\u00f3 que \u201ceste a\u00f1o hay que redoblar el esfuerzo, no va a depender s\u00f3lo de la Gobernadora y el Presidente, sino de todos los partidos que conforman cambiemos\u201d, volviendo a resaltar el compromiso que el Partido FE tiene con la alianza.<\/p>\n<p>  Seg\u00fan lo detallado por el Intendente de San Pedro Cecilio Salazar, \u201chubo m\u00e1s de 750 congresales de toda la Provincia\u201d, y sum\u00f3 que: \u00abel encuentro fue muy bueno para nosotros y para todo lo que significa el partido\u00bb.<\/p>\n<p>  Adem\u00e1s, destac\u00f3 que la mayor\u00eda de los que integran el partido FE son del peronismo, y que en ese sentido \u201cfuimos los rebeldes del kirchnerismo\u201d, por su alianza con Cambiemos; luego duplic\u00f3 la apuesta: \u201cno creemos que el kirchnerismo tenga nada que ver con el Peronismo\u201d.<\/p>\n<p>  Tambi\u00e9n resalt\u00f3 que en la reuni\u00f3n se form\u00f3 un Consejo Superior, del cual es parte; y que el pedido de Venegas fue \u201corganizar muy bien todos los distritos para militar activamente\u201d, y que con ello \u00abse sostenga a ultranza la gobernabilidad\u00bb.<\/p>\n<p>  A trav\u00e9s de su p\u00e1gina oficial, el Mandatario Comunal, expres\u00f3: \u201cJunto a gran parte de mi equipo de gobierno y acompa\u00f1ando a mi compa\u00f1ero y amigo Ger\u00f3nimo Venegas, particip\u00e9 del Congreso de la Provincia de Buenos Aires del Partido FE, en el Club Gimnasia y Esgrima de La Plata\u201d.<\/p>\n<p>  \u201cComo reflexi\u00f3n, me quedo con el sentimiento y la pasi\u00f3n que sentimos los peronistas de Per\u00f3n y Evita, y que se enmarca en la Justicia Social. Justicia a la que hoy se puede acceder de verdad, despu\u00e9s de 12 nefastos a\u00f1os del kirchnerismo, justicia que servir\u00e1 para poner blanco sobre negro la realidad de un pa\u00eds que s\u00f3lo se podr\u00e1 torcer, con trabajo y dedicaci\u00f3n reales, esfuerzo y patriotismo; porque hoy estamos en el buen camino, el de la honestidad, el de hacer y el de estar como dice nuestra Gobernadora Mar\u00eda Eugenia Vidal, que d\u00eda a d\u00eda nos demuestra con hechos que esto se puede cambiar, como lo vemos en cada obra que comienza y termina, que se proyecta y se ejecuta. A esta reflexi\u00f3n le voy a sumar otra que es la m\u00e1s importante, y es, que Cambiemos es el \u00fanico espacio que un Peronista de verdad puede ocupar, por eso digo y repito incansablemente que nosotros el Partido FE somos el peronismo de Cambiemos, y aqu\u00ed estamos para poner de pie a esta Argentina que tanto amamos\u201d. (Fuente consultada: Grupo La Provincia).<\/p>\n","protected":false},"excerpt":{"rendered":"<p>El Mandatario Comunal estuvo en la jornada de hoy en el acto que se desarroll\u00f3 en el Club Gimnasia y Esgrima de La Plata. El encuentro cont\u00f3 con la participaci\u00f3n de varios funcionarios provinciales, como el Vicegobernador bonaerense Daniel Salvador y el Subsecretario de Asuntos Municipales Alex Campbell. El partido FE se reuni\u00f3 con el [&hellip;]<\/p>\n","protected":false},"author":4,"featured_media":16023,"comment_status":"open","ping_status":"closed","sticky":false,"template":"","format":"standard","meta":{"om_disable_all_campaigns":false,"_jetpack_memberships_contains_paid_content":false,"footnotes":""},"categories":[2,102],"tags":[],"class_list":["post-16022","post","type-post","status-publish","format-standard","has-post-thumbnail","hentry","category-locales","category-politica-locales"],"aioseo_notices":[],"gutentor_comment":0,"jetpack_featured_media_url":"https:\/\/eldiariodesanpedro.com.ar\/sitio\/wp-content\/uploads\/2017\/03\/Salazar-junto-a-Salvador-y-Venegas.jpg","jetpack_shortlink":"https:\/\/wp.me\/p6RhLt-4aq","jetpack_sharing_enabled":true,"_links":{"self":[{"href":"https:\/\/eldiariodesanpedro.com.ar\/sitio\/wp-json\/wp\/v2\/posts\/16022","targetHints":{"allow":["GET"]}}],"collection":[{"href":"https:\/\/eldiariodesanpedro.com.ar\/sitio\/wp-json\/wp\/v2\/posts"}],"about":[{"href":"https:\/\/eldiariodesanpedro.com.ar\/sitio\/wp-json\/wp\/v2\/types\/post"}],"author":[{"embeddable":true,"href":"https:\/\/eldiariodesanpedro.com.ar\/sitio\/wp-json\/wp\/v2\/users\/4"}],"replies":[{"embeddable":true,"href":"https:\/\/eldiariodesanpedro.com.ar\/sitio\/wp-json\/wp\/v2\/comments?post=16022"}],"version-history":[{"count":1,"href":"https:\/\/eldiariodesanpedro.com.ar\/sitio\/wp-json\/wp\/v2\/posts\/16022\/revisions"}],"predecessor-version":[{"id":16024,"href":"https:\/\/eldiariodesanpedro.com.ar\/sitio\/wp-json\/wp\/v2\/posts\/16022\/revisions\/16024"}],"wp:featuredmedia":[{"embeddable":true,"href":"https:\/\/eldiariodesanpedro.com.ar\/sitio\/wp-json\/wp\/v2\/media\/16023"}],"wp:attachment":[{"href":"https:\/\/eldiariodesanpedro.com.ar\/sitio\/wp-json\/wp\/v2\/media?parent=16022"}],"wp:term":[{"taxonomy":"category","embeddable":true,"href":"https:\/\/eldiariodesanpedro.com.ar\/sitio\/wp-json\/wp\/v2\/categories?post=16022"},{"taxonomy":"post_tag","embeddable":true,"href":"https:\/\/eldiariodesanpedro.com.ar\/sitio\/wp-json\/wp\/v2\/tags?post=16022"}],"curies":[{"name":"wp","href":"https:\/\/api.w.org\/{rel}","templated":true}]}}