{"id":16016,"date":"2017-03-15T10:43:31","date_gmt":"2017-03-15T13:43:31","guid":{"rendered":"https:\/\/eldiariodesanpedro.com.ar\/sitio\/?p=16016"},"modified":"2017-03-15T10:43:31","modified_gmt":"2017-03-15T13:43:31","slug":"charla-provincia-microempresas","status":"publish","type":"post","link":"https:\/\/eldiariodesanpedro.com.ar\/sitio\/charla-provincia-microempresas\/","title":{"rendered":"Charla Provincia Microempresas"},"content":{"rendered":"<p><!-- VideographyWP Plugin Message: Automatic video embedding prevented by plugin options. --><br \/>\nLa Oficina de Empleo dependiente de la Subsecretar\u00eda de Desarrollo Econ\u00f3mico invita a la poblaci\u00f3n a participar a la charla informativa que ofrecer\u00e1n representantes de Provincia Microempresas este jueves 16 de marzo, a las 20.00 en el Centro de Comercio e Industria.<\/p>\n","protected":false},"excerpt":{"rendered":"<p>La Oficina de Empleo dependiente de la Subsecretar\u00eda de Desarrollo Econ\u00f3mico invita a la poblaci\u00f3n a participar a la charla informativa que ofrecer\u00e1n representantes de Provincia Microempresas este jueves 16 de marzo, a las 20.00 en el Centro de Comercio e Industria.<\/p>\n","protected":false},"author":4,"featured_media":16017,"comment_status":"open","ping_status":"closed","sticky":false,"template":"","format":"standard","meta":{"om_disable_all_campaigns":false,"_jetpack_memberships_contains_paid_content":false,"footnotes":""},"categories":[101,2],"tags":[],"class_list":["post-16016","post","type-post","status-publish","format-standard","has-post-thumbnail","hentry","category-interes-general-locales","category-locales"],"aioseo_notices":[],"gutentor_comment":0,"jetpack_featured_media_url":"https:\/\/eldiariodesanpedro.com.ar\/sitio\/wp-content\/uploads\/2017\/03\/PROVINCIA.jpg","jetpack_shortlink":"https:\/\/wp.me\/p6RhLt-4ak","jetpack_sharing_enabled":true,"_links":{"self":[{"href":"https:\/\/eldiariodesanpedro.com.ar\/sitio\/wp-json\/wp\/v2\/posts\/16016","targetHints":{"allow":["GET"]}}],"collection":[{"href":"https:\/\/eldiariodesanpedro.com.ar\/sitio\/wp-json\/wp\/v2\/posts"}],"about":[{"href":"https:\/\/eldiariodesanpedro.com.ar\/sitio\/wp-json\/wp\/v2\/types\/post"}],"author":[{"embeddable":true,"href":"https:\/\/eldiariodesanpedro.com.ar\/sitio\/wp-json\/wp\/v2\/users\/4"}],"replies":[{"embeddable":true,"href":"https:\/\/eldiariodesanpedro.com.ar\/sitio\/wp-json\/wp\/v2\/comments?post=16016"}],"version-history":[{"count":1,"href":"https:\/\/eldiariodesanpedro.com.ar\/sitio\/wp-json\/wp\/v2\/posts\/16016\/revisions"}],"predecessor-version":[{"id":16018,"href":"https:\/\/eldiariodesanpedro.com.ar\/sitio\/wp-json\/wp\/v2\/posts\/16016\/revisions\/16018"}],"wp:featuredmedia":[{"embeddable":true,"href":"https:\/\/eldiariodesanpedro.com.ar\/sitio\/wp-json\/wp\/v2\/media\/16017"}],"wp:attachment":[{"href":"https:\/\/eldiariodesanpedro.com.ar\/sitio\/wp-json\/wp\/v2\/media?parent=16016"}],"wp:term":[{"taxonomy":"category","embeddable":true,"href":"https:\/\/eldiariodesanpedro.com.ar\/sitio\/wp-json\/wp\/v2\/categories?post=16016"},{"taxonomy":"post_tag","embeddable":true,"href":"https:\/\/eldiariodesanpedro.com.ar\/sitio\/wp-json\/wp\/v2\/tags?post=16016"}],"curies":[{"name":"wp","href":"https:\/\/api.w.org\/{rel}","templated":true}]}}