{"id":16006,"date":"2017-03-15T10:12:43","date_gmt":"2017-03-15T13:12:43","guid":{"rendered":"https:\/\/eldiariodesanpedro.com.ar\/sitio\/?p=16006"},"modified":"2017-03-15T10:12:43","modified_gmt":"2017-03-15T13:12:43","slug":"capacitacion-en-fempinira-para-trabajadores-portuarios","status":"publish","type":"post","link":"https:\/\/eldiariodesanpedro.com.ar\/sitio\/capacitacion-en-fempinira-para-trabajadores-portuarios\/","title":{"rendered":"Capacitaci\u00f3n en FEMPINIRA para trabajadores portuarios"},"content":{"rendered":"<p><!-- VideographyWP Plugin Message: Automatic video embedding prevented by plugin options. --><br \/>\nEn la sede local de FeMPINRA y con la Coordinaci\u00f3n del Secretario de Interior Daniel Amarante, se est\u00e1 dictando una capacitaci\u00f3n nacional para los trabajadores portuarios que desempe\u00f1an tareas en nuestra ciudad en la atenci\u00f3n de las diferentes cargas que se gestionan en la terminal local.<\/p>\n<p>Tal como lo hicieron el a\u00f1o pasado, los capacitadores convocados por Sindicato de Guincheros y Maquinistas de Gr\u00faas M\u00f3viles de la Rep\u00fablica Argentina (SGyMGMRA) y la C\u00e1mara Empresaria de Gr\u00faas y Autoelevadores (CEGA) en conjunto con el Ministerio de Trabajo, proponen diferentes cursos t\u00e9cnico- operativos que recorren aspectos tan diversos como cuestiones de seguridad en el manejo de auto elevadores y formaci\u00f3n sindical hasta prevenci\u00f3n de adicciones en el trabajo.<\/p>\n<p>Este curso est\u00e1 certificado por la cartera laboral y es obligatorio seg\u00fan la resoluci\u00f3n 960 del Ministerio que exige dar cumplimiento con estas actividades para garantizar la constante actualizaci\u00f3n de conocimientos de los trabajadores. Durante las dos jornadas previstas para martes 14 y mi\u00e9rcoles 15, est\u00e1n presentes representantes de las organizaciones responsables y la direcci\u00f3n de la capacitaci\u00f3n est\u00e1 a cargo del se\u00f1or Gabriel S\u00e1nchez.<\/p>\n","protected":false},"excerpt":{"rendered":"<p>En la sede local de FeMPINRA y con la Coordinaci\u00f3n del Secretario de Interior Daniel Amarante, se est\u00e1 dictando una capacitaci\u00f3n nacional para los trabajadores portuarios que desempe\u00f1an tareas en nuestra ciudad en la atenci\u00f3n de las diferentes cargas que se gestionan en la terminal local. Tal como lo hicieron el a\u00f1o pasado, los capacitadores [&hellip;]<\/p>\n","protected":false},"author":4,"featured_media":16007,"comment_status":"open","ping_status":"closed","sticky":false,"template":"","format":"standard","meta":{"om_disable_all_campaigns":false,"_jetpack_memberships_contains_paid_content":false,"footnotes":""},"categories":[101,2],"tags":[],"class_list":["post-16006","post","type-post","status-publish","format-standard","has-post-thumbnail","hentry","category-interes-general-locales","category-locales"],"aioseo_notices":[],"gutentor_comment":0,"jetpack_featured_media_url":"https:\/\/eldiariodesanpedro.com.ar\/sitio\/wp-content\/uploads\/2017\/03\/unnamed-1.jpg","jetpack_shortlink":"https:\/\/wp.me\/p6RhLt-4aa","jetpack_sharing_enabled":true,"_links":{"self":[{"href":"https:\/\/eldiariodesanpedro.com.ar\/sitio\/wp-json\/wp\/v2\/posts\/16006","targetHints":{"allow":["GET"]}}],"collection":[{"href":"https:\/\/eldiariodesanpedro.com.ar\/sitio\/wp-json\/wp\/v2\/posts"}],"about":[{"href":"https:\/\/eldiariodesanpedro.com.ar\/sitio\/wp-json\/wp\/v2\/types\/post"}],"author":[{"embeddable":true,"href":"https:\/\/eldiariodesanpedro.com.ar\/sitio\/wp-json\/wp\/v2\/users\/4"}],"replies":[{"embeddable":true,"href":"https:\/\/eldiariodesanpedro.com.ar\/sitio\/wp-json\/wp\/v2\/comments?post=16006"}],"version-history":[{"count":1,"href":"https:\/\/eldiariodesanpedro.com.ar\/sitio\/wp-json\/wp\/v2\/posts\/16006\/revisions"}],"predecessor-version":[{"id":16008,"href":"https:\/\/eldiariodesanpedro.com.ar\/sitio\/wp-json\/wp\/v2\/posts\/16006\/revisions\/16008"}],"wp:featuredmedia":[{"embeddable":true,"href":"https:\/\/eldiariodesanpedro.com.ar\/sitio\/wp-json\/wp\/v2\/media\/16007"}],"wp:attachment":[{"href":"https:\/\/eldiariodesanpedro.com.ar\/sitio\/wp-json\/wp\/v2\/media?parent=16006"}],"wp:term":[{"taxonomy":"category","embeddable":true,"href":"https:\/\/eldiariodesanpedro.com.ar\/sitio\/wp-json\/wp\/v2\/categories?post=16006"},{"taxonomy":"post_tag","embeddable":true,"href":"https:\/\/eldiariodesanpedro.com.ar\/sitio\/wp-json\/wp\/v2\/tags?post=16006"}],"curies":[{"name":"wp","href":"https:\/\/api.w.org\/{rel}","templated":true}]}}