{"id":16005,"date":"2017-03-15T10:26:46","date_gmt":"2017-03-15T13:26:46","guid":{"rendered":"https:\/\/eldiariodesanpedro.com.ar\/sitio\/?p=16005"},"modified":"2017-03-15T10:37:23","modified_gmt":"2017-03-15T13:37:23","slug":"recuperan-moto-robada-en-el-2015","status":"publish","type":"post","link":"https:\/\/eldiariodesanpedro.com.ar\/sitio\/recuperan-moto-robada-en-el-2015\/","title":{"rendered":"Recuperan moto robada en el 2015"},"content":{"rendered":"<p><!-- VideographyWP Plugin Message: Automatic video embedding prevented by plugin options. --><br \/>\nPersonal policial el d\u00eda de ayer a las 11:20 hs procedi\u00f3 a la aprehensi\u00f3n de un joven mayor de edad quien se hallaba en la estaci\u00f3n de servicio ubicada en la Av. 3 de febrero y Av. Sarmiento junto a la motocicleta en la que circulaba.<\/p>\n<p>Al ser identificado e informado a la Radioestaci\u00f3n Departamental se pudo constatar que la motocicleta pose\u00eda pedido de activo de secuestro desde el d\u00eda 29 de diciembre de 2015 con la caratula de hurto donde tomo intervenci\u00f3n en ese hecho UFI N\u00ba 7; la motocicleta fue trasladada a la comisaria local. <\/p>\n<p>Por su parte esta persona que circulaba en la moto fue aprehendido por el encubrimiento de la moto y ademas tambi\u00e9n pose\u00eda un pedido de activo de paradero con fecha 21 de agosto de 2013 por hecho caratulado hurto y robos reiterados el cual fue solicitado por parte del Juzgado Correccional N\u00ba 3 Departamento Judicial de San Nicol\u00e1s.<\/p>\n<p>Este sujeto fue trasladado a la sede policial donde momentos despu\u00e9s fue puesto en libertad tras consulta con el magistrado que dio intervenci\u00f3n. <\/p>\n","protected":false},"excerpt":{"rendered":"<p>Personal policial el d\u00eda de ayer a las 11:20 hs procedi\u00f3 a la aprehensi\u00f3n de un joven mayor de edad quien se hallaba en la estaci\u00f3n de servicio ubicada en la Av. 3 de febrero y Av. Sarmiento junto a la motocicleta en la que circulaba. Al ser identificado e informado a la Radioestaci\u00f3n Departamental [&hellip;]<\/p>\n","protected":false},"author":4,"featured_media":11797,"comment_status":"open","ping_status":"closed","sticky":false,"template":"","format":"standard","meta":{"om_disable_all_campaigns":false,"_jetpack_memberships_contains_paid_content":false,"footnotes":""},"categories":[2,103],"tags":[],"class_list":["post-16005","post","type-post","status-publish","format-standard","has-post-thumbnail","hentry","category-locales","category-policiales-locales"],"aioseo_notices":[],"gutentor_comment":0,"jetpack_featured_media_url":"https:\/\/eldiariodesanpedro.com.ar\/sitio\/wp-content\/uploads\/2016\/12\/moto-secuestrada.jpg","jetpack_shortlink":"https:\/\/wp.me\/p6RhLt-4a9","jetpack_sharing_enabled":true,"_links":{"self":[{"href":"https:\/\/eldiariodesanpedro.com.ar\/sitio\/wp-json\/wp\/v2\/posts\/16005","targetHints":{"allow":["GET"]}}],"collection":[{"href":"https:\/\/eldiariodesanpedro.com.ar\/sitio\/wp-json\/wp\/v2\/posts"}],"about":[{"href":"https:\/\/eldiariodesanpedro.com.ar\/sitio\/wp-json\/wp\/v2\/types\/post"}],"author":[{"embeddable":true,"href":"https:\/\/eldiariodesanpedro.com.ar\/sitio\/wp-json\/wp\/v2\/users\/4"}],"replies":[{"embeddable":true,"href":"https:\/\/eldiariodesanpedro.com.ar\/sitio\/wp-json\/wp\/v2\/comments?post=16005"}],"version-history":[{"count":4,"href":"https:\/\/eldiariodesanpedro.com.ar\/sitio\/wp-json\/wp\/v2\/posts\/16005\/revisions"}],"predecessor-version":[{"id":16015,"href":"https:\/\/eldiariodesanpedro.com.ar\/sitio\/wp-json\/wp\/v2\/posts\/16005\/revisions\/16015"}],"wp:featuredmedia":[{"embeddable":true,"href":"https:\/\/eldiariodesanpedro.com.ar\/sitio\/wp-json\/wp\/v2\/media\/11797"}],"wp:attachment":[{"href":"https:\/\/eldiariodesanpedro.com.ar\/sitio\/wp-json\/wp\/v2\/media?parent=16005"}],"wp:term":[{"taxonomy":"category","embeddable":true,"href":"https:\/\/eldiariodesanpedro.com.ar\/sitio\/wp-json\/wp\/v2\/categories?post=16005"},{"taxonomy":"post_tag","embeddable":true,"href":"https:\/\/eldiariodesanpedro.com.ar\/sitio\/wp-json\/wp\/v2\/tags?post=16005"}],"curies":[{"name":"wp","href":"https:\/\/api.w.org\/{rel}","templated":true}]}}