{"id":15988,"date":"2017-03-14T20:29:31","date_gmt":"2017-03-14T23:29:31","guid":{"rendered":"https:\/\/eldiariodesanpedro.com.ar\/sitio\/?p=15988"},"modified":"2026-01-24T00:30:46","modified_gmt":"2026-01-24T03:30:46","slug":"50-anos-en-el-periodismo-don-roman-m-baca-festeja-las-bodas-de-oro","status":"publish","type":"post","link":"https:\/\/eldiariodesanpedro.com.ar\/sitio\/50-anos-en-el-periodismo-don-roman-m-baca-festeja-las-bodas-de-oro\/","title":{"rendered":"50 A\u00d1OS EN EL PERIODISMO: Don Rom\u00e1n M. Baca festeja las Bodas de Oro"},"content":{"rendered":"<p><!-- VideographyWP Plugin Message: Automatic video embedding prevented by plugin options. --><br \/>\n  Quienes estamos en los medios de comunicaci\u00f3n, s\u00f3lo tenemos palabras de agradecimiento para el colega Rom\u00e1n. Toda una vida dedicada al Periodismo Deportivo, a pura pasi\u00f3n. Cumple las Bodas de Oro en una actividad que lo tuvo como protagonista en diferentes medios de la ciudad, e inclusive en medios nacionales.<\/p>\n<p>  Naci\u00f3 en la vieja propaladora APA ubicada en Ruiz moreno 185, con Tablero Deportivo y desde all\u00ed pas\u00f3 por \u201c180\u00b4 Deportivo Musical\u201d, en la misma, ya como \u201cCircuito Cerrado\u201d; en El Imparcial, Secci\u00f3n Deportes, tambi\u00e9n titulada Tablero Deportivo, imprenta ubicada en Pellegrini y San Mart\u00edn. Luego en el Peri\u00f3dico \u201cEl Mercurio\u201d, de Salta y Ruiz Moreno; en \u00abLa Voz del Deporte\u00bb de Radio San Nicol\u00e1s LT24; en \u00abLa Oral Deportiva\u00bb de Radio Rivadavia, pasando resultados del f\u00fatbol de San Pedro los domingos a la noche. <\/p>\n<p>  Tambi\u00e9n efectu\u00f3 la conducci\u00f3n en APA durante las bodas de oro de Circuito Cerrado. S\u00e1bados a la tarde, \u00abShow del Weekend\u00bb; martes y viernes \u00abPi\u00f1\u00f3n Fijo\u00bb, espacio dedicado al Ciclismo, ya en el aire de FM San Pedro y Radio R\u00edo con el programa \u00abTribuna Local\u00bb.<\/p>\n<p>  Adem\u00e1s, particip\u00f3 de \u00abHistorias Especiales y Grandes Personajes\u00bb, para el programa de Jorge Alberto Bolla \u00abContame una Historia\u00bb, que difunde FM Ciudad, los domingos a la ma\u00f1ana. <\/p>\n<p>  Desde el inicio est\u00e1 en \u00abEl Cl\u00e1sico Deportes\u00bb, colaborando con el ciclismo en <a href=\"http:\/\/www.elclasicosanpedrino.com.ar\" target=\"_blank\">www.elclasicosanpedrino.com.ar<\/a>, FM G\u00e9nesis; elabor\u00f3 en facebook \u00abEl Cl\u00e1sico Ciclismo\u00bb, e informa a todos los medios de nuestra ciudad, sobre lo que acontece en el nombrado deporte. <\/p>\n<p>  Integra el C\u00edrculo de Periodistas Deportivos de San Pedro, del cual fue Presidente y hoy, es Tesorero. Es integrante del Comit\u00e9 Ejecutivo de la Federaci\u00f3n Argentina de Periodistas Deportivos.<\/p>\n<p>  Por muchos m\u00e1s Rom\u00e1n, felicitaciones.<\/p>\n","protected":false},"excerpt":{"rendered":"<p>Quienes estamos en los medios de comunicaci\u00f3n, s\u00f3lo tenemos palabras de agradecimiento para el colega Rom\u00e1n. Toda una vida dedicada al Periodismo Deportivo, a pura pasi\u00f3n. Cumple las Bodas de Oro en una actividad que lo tuvo como protagonista en diferentes medios de la ciudad, e inclusive en medios nacionales. Naci\u00f3 en la vieja propaladora [&hellip;]<\/p>\n","protected":false},"author":4,"featured_media":15989,"comment_status":"open","ping_status":"closed","sticky":false,"template":"","format":"standard","meta":{"om_disable_all_campaigns":false,"_jetpack_memberships_contains_paid_content":false,"footnotes":""},"categories":[5],"tags":[],"class_list":["post-15988","post","type-post","status-publish","format-standard","has-post-thumbnail","hentry","category-deportes"],"aioseo_notices":[],"gutentor_comment":0,"jetpack_featured_media_url":"https:\/\/eldiariodesanpedro.com.ar\/sitio\/wp-content\/uploads\/2017\/03\/Rom\u00e1n-en-los-viejos-estudios-de-propaladora-APA.jpg","jetpack_shortlink":"https:\/\/wp.me\/p6RhLt-49S","jetpack_sharing_enabled":true,"_links":{"self":[{"href":"https:\/\/eldiariodesanpedro.com.ar\/sitio\/wp-json\/wp\/v2\/posts\/15988","targetHints":{"allow":["GET"]}}],"collection":[{"href":"https:\/\/eldiariodesanpedro.com.ar\/sitio\/wp-json\/wp\/v2\/posts"}],"about":[{"href":"https:\/\/eldiariodesanpedro.com.ar\/sitio\/wp-json\/wp\/v2\/types\/post"}],"author":[{"embeddable":true,"href":"https:\/\/eldiariodesanpedro.com.ar\/sitio\/wp-json\/wp\/v2\/users\/4"}],"replies":[{"embeddable":true,"href":"https:\/\/eldiariodesanpedro.com.ar\/sitio\/wp-json\/wp\/v2\/comments?post=15988"}],"version-history":[{"count":2,"href":"https:\/\/eldiariodesanpedro.com.ar\/sitio\/wp-json\/wp\/v2\/posts\/15988\/revisions"}],"predecessor-version":[{"id":15992,"href":"https:\/\/eldiariodesanpedro.com.ar\/sitio\/wp-json\/wp\/v2\/posts\/15988\/revisions\/15992"}],"wp:featuredmedia":[{"embeddable":true,"href":"https:\/\/eldiariodesanpedro.com.ar\/sitio\/wp-json\/wp\/v2\/media\/15989"}],"wp:attachment":[{"href":"https:\/\/eldiariodesanpedro.com.ar\/sitio\/wp-json\/wp\/v2\/media?parent=15988"}],"wp:term":[{"taxonomy":"category","embeddable":true,"href":"https:\/\/eldiariodesanpedro.com.ar\/sitio\/wp-json\/wp\/v2\/categories?post=15988"},{"taxonomy":"post_tag","embeddable":true,"href":"https:\/\/eldiariodesanpedro.com.ar\/sitio\/wp-json\/wp\/v2\/tags?post=15988"}],"curies":[{"name":"wp","href":"https:\/\/api.w.org\/{rel}","templated":true}]}}