{"id":15986,"date":"2017-03-14T20:21:06","date_gmt":"2017-03-14T23:21:06","guid":{"rendered":"https:\/\/eldiariodesanpedro.com.ar\/sitio\/?p=15986"},"modified":"2026-01-24T00:30:46","modified_gmt":"2026-01-24T03:30:46","slug":"ciclismo-podios-para-ciclistas-locales-en-importante-programa","status":"publish","type":"post","link":"https:\/\/eldiariodesanpedro.com.ar\/sitio\/ciclismo-podios-para-ciclistas-locales-en-importante-programa\/","title":{"rendered":"CICLISMO: Podios para ciclistas locales en importante programa"},"content":{"rendered":"<p><!-- VideographyWP Plugin Message: Automatic video embedding prevented by plugin options. --><br \/>\nCon un d\u00eda a pleno sol, se desarroll\u00f3 en el predio del Club Ciclista San Nicol\u00e1s, el homenaje a Gabriel \u00abGaby\u00bb Garc\u00eda, con total \u00e9xito.<\/p>\n<p>  Cinco fueron las categor\u00edas que formaron parte del evento, donde participaron ciclistas de m\u00e1s de 300 km., haciendo un total de 130 corredores que brillaron sobre la pista Roberto \u00abPoto\u00bb Enrico. En la competencia de fondo, faltaron dos corredores para superar el r\u00e9cord de la pista, de 64 competidores. <\/p>\n<p>  Debido a la buena concurrencia, la organizaci\u00f3n decidi\u00f3 agregar dos puestos m\u00e1s en Master \u00abC\u00bb e Inactivos Mayores de 45, y tres puestos en la final.<\/p>\n<p>  La Subcomisi\u00f3n de Ciclismo, entreg\u00f3 a la familia de \u00abGaby\u00bb; un diploma recordatorio. \u00abQuiero agradecer al Club y a la Subcomisi\u00f3n, por brindar este homenaje a mi hermano. En nombre de toda la familia, gracias\u00bb; manifest\u00f3 Carlos Garc\u00eda, hermano mayor del homenajeado.<\/p>\n<p>  La pr\u00f3xima competencia ser\u00e1 el 2 de Abril, en homenaje a los Veteranos de Malvinas.<\/p>\n<p><strong>MENORES DE 45 A\u00d1OS<\/strong><br \/>\n1\u00b0 Julio Molina (San Nicol\u00e1s)<br \/>\n2\u00b0 Agust\u00edn Bola\u00f1ez (San Nicol\u00e1s)<br \/>\n3\u00b0 Jorge Varas (San Jer\u00f3nimo)<br \/>\n4\u00b0 Joaqu\u00edn Frutos (Rosario)<br \/>\n5\u00b0 Valent\u00edn Manzo (San Pedro)<\/p>\n<p><strong>INFANTILES 2005 &#8211; 2006<\/strong><br \/>\n1\u00b0 Lautaro Eizmendi (Lobos)<br \/>\n2\u00b0 Santiago Gru\u00f1eiro (San Nicol\u00e1s)<br \/>\n3\u00b0 Ulises Vel\u00e1zquez (San Nicol\u00e1s)<br \/>\n4\u00b0 Malena Aliendro (San Andr\u00e9s de Giles)<br \/>\n5\u00b0 Guido Ram\u00edrez (Santo Tom\u00e9)<\/p>\n<p><strong>2007 &#8211; 2008<\/strong><br \/>\n1\u00b0 Bautista Nichea (San Nicol\u00e1s)<br \/>\n2\u00b0 Federico Vel\u00e1zquez (San Nicol\u00e1s)<br \/>\n3\u00b0 Sebasti\u00e1n Albornoz (Villa Constituci\u00f3n)<br \/>\n4\u00b0 Magal\u00ed Vel\u00e1zquez (San Nicol\u00e1s)<br \/>\n5\u00b0 El\u00edas Alarc\u00f3n (San Nicol\u00e1s)<\/p>\n<p><strong>2009 &#8211; 2010<\/strong><br \/>\n1\u00b0 \u00abManolo\u00bb Rivero (San Pedro)<br \/>\n2\u00b0 Joaqu\u00edn Garc\u00eda (San Nicol\u00e1s)<br \/>\n3\u00b0 Ignacio Frutos (Carcara\u00f1\u00e1)<br \/>\n4\u00b0 Maximiliano Tognato (Casilda)<br \/>\n5\u00b0 Renata Paz (San Pedro)<\/p>\n<p><strong>MASTER \u00abC\u00bb Y MAYORES DE 45<\/strong><br \/>\n1\u00b0 Pedro Marcelini (Col\u00f3n)<br \/>\n2\u00b0 N\u00e9stor \u00abChicho\u00bb Varela (Arrecifes)<br \/>\n3\u00b0 Adri\u00e1n Garc\u00eda (Venado Tuerto)<br \/>\n4\u00b0 Jorge Cogliati (Rosario)<br \/>\n5\u00b0 Mario Giuliani (Arequito)<br \/>\n6\u00b0 Jos\u00e9 Luis Pereyra (San Pedro)<br \/>\n7\u00b0 David Vacari (Rosario)<\/p>\n<p><strong>MASTER \u00abD\u00bb Y DAMAS<\/strong><br \/>\n1\u00b0 Ra\u00fal Azarloza (Santa Fe)<br \/>\n2\u00b0 C\u00e9sar Sartore (Santa Fe)<br \/>\n3\u00b0 Ricardo Bustos (Rosario)<\/p>\n<p><strong>PROMO-MASTER \u00abA\u00bb &#8211; MASTER \u00abB\u00bb e INVITADOS<\/strong><br \/>\n1\u00b0 Federico Ojeda (Pergamino)<br \/>\n2\u00b0 Agust\u00edn Aquino (Rosario)<br \/>\n3\u00b0 Adri\u00e1n \u00abTato\u00bb Mendoza (San Pedro)<br \/>\n4\u00b0 L\u00e1zaro Villarruel (San Pedro)<br \/>\n5\u00b0 Alan Ovando (Rosario)<br \/>\n6\u00b0 Emanuel Grosso (San Nicol\u00e1s)<br \/>\n7\u00b0 Pablo Drascovich (San Nicol\u00e1s)<br \/>\n8\u00b0 Esteban Massari (San Nicol\u00e1s)<\/p>\n","protected":false},"excerpt":{"rendered":"<p>Con un d\u00eda a pleno sol, se desarroll\u00f3 en el predio del Club Ciclista San Nicol\u00e1s, el homenaje a Gabriel \u00abGaby\u00bb Garc\u00eda, con total \u00e9xito. Cinco fueron las categor\u00edas que formaron parte del evento, donde participaron ciclistas de m\u00e1s de 300 km., haciendo un total de 130 corredores que brillaron sobre la pista Roberto \u00abPoto\u00bb [&hellip;]<\/p>\n","protected":false},"author":4,"featured_media":10379,"comment_status":"open","ping_status":"closed","sticky":false,"template":"","format":"standard","meta":{"om_disable_all_campaigns":false,"_jetpack_memberships_contains_paid_content":false,"footnotes":""},"categories":[5],"tags":[],"class_list":["post-15986","post","type-post","status-publish","format-standard","has-post-thumbnail","hentry","category-deportes"],"aioseo_notices":[],"gutentor_comment":0,"jetpack_featured_media_url":"https:\/\/eldiariodesanpedro.com.ar\/sitio\/wp-content\/uploads\/2016\/11\/ciclismo.jpg","jetpack_shortlink":"https:\/\/wp.me\/p6RhLt-49Q","jetpack_sharing_enabled":true,"_links":{"self":[{"href":"https:\/\/eldiariodesanpedro.com.ar\/sitio\/wp-json\/wp\/v2\/posts\/15986","targetHints":{"allow":["GET"]}}],"collection":[{"href":"https:\/\/eldiariodesanpedro.com.ar\/sitio\/wp-json\/wp\/v2\/posts"}],"about":[{"href":"https:\/\/eldiariodesanpedro.com.ar\/sitio\/wp-json\/wp\/v2\/types\/post"}],"author":[{"embeddable":true,"href":"https:\/\/eldiariodesanpedro.com.ar\/sitio\/wp-json\/wp\/v2\/users\/4"}],"replies":[{"embeddable":true,"href":"https:\/\/eldiariodesanpedro.com.ar\/sitio\/wp-json\/wp\/v2\/comments?post=15986"}],"version-history":[{"count":1,"href":"https:\/\/eldiariodesanpedro.com.ar\/sitio\/wp-json\/wp\/v2\/posts\/15986\/revisions"}],"predecessor-version":[{"id":15987,"href":"https:\/\/eldiariodesanpedro.com.ar\/sitio\/wp-json\/wp\/v2\/posts\/15986\/revisions\/15987"}],"wp:featuredmedia":[{"embeddable":true,"href":"https:\/\/eldiariodesanpedro.com.ar\/sitio\/wp-json\/wp\/v2\/media\/10379"}],"wp:attachment":[{"href":"https:\/\/eldiariodesanpedro.com.ar\/sitio\/wp-json\/wp\/v2\/media?parent=15986"}],"wp:term":[{"taxonomy":"category","embeddable":true,"href":"https:\/\/eldiariodesanpedro.com.ar\/sitio\/wp-json\/wp\/v2\/categories?post=15986"},{"taxonomy":"post_tag","embeddable":true,"href":"https:\/\/eldiariodesanpedro.com.ar\/sitio\/wp-json\/wp\/v2\/tags?post=15986"}],"curies":[{"name":"wp","href":"https:\/\/api.w.org\/{rel}","templated":true}]}}