{"id":15983,"date":"2017-03-14T20:11:22","date_gmt":"2017-03-14T23:11:22","guid":{"rendered":"https:\/\/eldiariodesanpedro.com.ar\/sitio\/?p=15983"},"modified":"2026-01-24T00:30:46","modified_gmt":"2026-01-24T03:30:46","slug":"futbol-local-arranca-el-futbol-de-la-alianza-horarios-y-partidos","status":"publish","type":"post","link":"https:\/\/eldiariodesanpedro.com.ar\/sitio\/futbol-local-arranca-el-futbol-de-la-alianza-horarios-y-partidos\/","title":{"rendered":"F\u00daTBOL LOCAL: Arranca el f\u00fatbol de la Alianza. Horarios y partidos"},"content":{"rendered":"<p><!-- VideographyWP Plugin Message: Automatic video embedding prevented by plugin options. --><br \/>\n  En la sesi\u00f3n del lunes en la Liga, quedaron establecidos los horarios para la primera fecha del torneo que lleva como denominaci\u00f3n \u00abPedro Barri\u00bb, en memoria del ex Secretario liguista fallecido en Noviembre del a\u00f1o pasado. <\/p>\n<p>  Tambi\u00e9n, qued\u00f3 establecido que el torneo Clausura se denomine \u00abRom\u00e1n Misenti\u00bb (dirigente de Atl\u00e9tico fallecido en 2016); y el torneo \u00abAlianza\u00bb, lleve la denominaci\u00f3n de \u00abGringo\u00bb (por Stoccafisso, ex jugador de Def. de Colonia V\u00e9laz y Gral. San Mart\u00edn, desaparecido tambi\u00e9n el a\u00f1o anterior).<\/p>\n<p>  Los partidos se jugar\u00e1n todos los domingos, en el horario oficial: a las 13:00 hs. (6ta), 14:30 hs. (2da) y 16:15 hs. (1ra). A excepci\u00f3n del partido de San Roque \u2013 Am\u00e9rica, que ser\u00e1 jugado el s\u00e1bado en cancha de CADU.<\/p>\n<p>Primera &#8211; Segunda &#8211; Sexta<\/p>\n<p><strong>Zona \u00abA\u00bb &#8211; 1\u00ba Fecha<\/strong><br \/>\nGral. San Mart\u00edn vs. La Esperanza F. C.<br \/>\nIndependencia F. C. vs. C. A. Mitre (Transmisi\u00f3n de EL CL\u00c1SICO por FM G\u00c9NESIS desde las 15:00 horas)<br \/>\nC. A. Banfield vs. Agricultores Club (en Estadio Municipal)<\/p>\n<p><strong>Zona \u00abB\u00bb<\/strong><br \/>\nSan Roque F.C. vs. C. S. Am\u00e9rica (s\u00e1bado en CADU)<br \/>\nC. A. Defensores Unidos vs. C. D. Central C\u00f3rdoba<br \/>\nC. S. Las Palmeras vs. Paran\u00e1 F. C<\/p>\n<p><strong>Zona \u00abC\u00bb &#8211; 1\u00ba Fecha<\/strong><br \/>\nRivadavia vs. Sportivo<br \/>\nC. S. y D. I. Portela vs. Fundici\u00f3n FC<br \/>\nDep. Alsina vs. Atl\u00e9tico<\/p>\n<p>  En divisiones inferiores, Am\u00e9rica ante San Roque se juega el domingo en cancha del club La Esperanza; y Fundici\u00f3n vs. Portela, el s\u00e1bado en cancha de Rivadavia. El resto, se jugar\u00e1 todos los s\u00e1bados.<\/p>\n<p>Programa de partidos y horario oficial: 13:00 hs. (5ta), 14:30 hs. (4ta) y 16:00 hs. (3ra).<\/p>\n<p><strong>Zona \u00abA\u00bb<\/strong><br \/>\nLa Esperanza vs. San Mart\u00edn<br \/>\n13:00 hs. (5ta), 14:30 hs. (4ta) y 16:00 hs. (3ra).<\/p>\n<p>Mitre vs. Independencia (en Estadio Municipal)<br \/>\n13:00 hs. (5ta), 14:30 hs. (4ta) y 16:00 hs. (3ra).<\/p>\n<p>Agricultores vs. Banfield<br \/>\n14:00 hs. (2003) y 15:30 hs. (2001)<\/p>\n<p><strong>Zona \u00abB\u00bb<\/strong><br \/>\nAm\u00e9rica vs. San Roque (domingo en La Esperanza)<br \/>\n14:00 hs. (2003) y 15:30 hs. (2002)<\/p>\n<p>C. C\u00f3rdoba vs. D. Unidos<br \/>\n14:00 hs. (2003) y 15:30 hs. (2002)<\/p>\n<p>Paran\u00e1 vs. Las Palmeras<br \/>\n13:00 hs. (5ta), 14:30 hs. (4ta) y 16:00 hs. (3ra).<\/p>\n<p><strong>Zona \u00abC\u00bb<\/strong><br \/>\nSportivo vs. Rivadavia<br \/>\n13:00 hs. (5ta), 14:30 hs. (4ta) y 16:00 hs. (3ra).<\/p>\n<p>Fundici\u00f3n vs. Portela (en Rivadavia)<br \/>\n13:00 hs. (5ta), 14:30 hs. (4ta) y 16:00 hs. (3ra).<\/p>\n<p>Atl\u00e9tico vs. Alsina<br \/>\n13:00 hs. (2003) y 14:30 hs. (2002)<\/p>\n","protected":false},"excerpt":{"rendered":"<p>En la sesi\u00f3n del lunes en la Liga, quedaron establecidos los horarios para la primera fecha del torneo que lleva como denominaci\u00f3n \u00abPedro Barri\u00bb, en memoria del ex Secretario liguista fallecido en Noviembre del a\u00f1o pasado. Tambi\u00e9n, qued\u00f3 establecido que el torneo Clausura se denomine \u00abRom\u00e1n Misenti\u00bb (dirigente de Atl\u00e9tico fallecido en 2016); y el [&hellip;]<\/p>\n","protected":false},"author":4,"featured_media":12943,"comment_status":"open","ping_status":"closed","sticky":false,"template":"","format":"standard","meta":{"om_disable_all_campaigns":false,"_jetpack_memberships_contains_paid_content":false,"footnotes":""},"categories":[5],"tags":[],"class_list":["post-15983","post","type-post","status-publish","format-standard","has-post-thumbnail","hentry","category-deportes"],"aioseo_notices":[],"gutentor_comment":0,"jetpack_featured_media_url":"https:\/\/eldiariodesanpedro.com.ar\/sitio\/wp-content\/uploads\/2017\/01\/futbol.jpg","jetpack_shortlink":"https:\/\/wp.me\/p6RhLt-49N","jetpack_sharing_enabled":true,"_links":{"self":[{"href":"https:\/\/eldiariodesanpedro.com.ar\/sitio\/wp-json\/wp\/v2\/posts\/15983","targetHints":{"allow":["GET"]}}],"collection":[{"href":"https:\/\/eldiariodesanpedro.com.ar\/sitio\/wp-json\/wp\/v2\/posts"}],"about":[{"href":"https:\/\/eldiariodesanpedro.com.ar\/sitio\/wp-json\/wp\/v2\/types\/post"}],"author":[{"embeddable":true,"href":"https:\/\/eldiariodesanpedro.com.ar\/sitio\/wp-json\/wp\/v2\/users\/4"}],"replies":[{"embeddable":true,"href":"https:\/\/eldiariodesanpedro.com.ar\/sitio\/wp-json\/wp\/v2\/comments?post=15983"}],"version-history":[{"count":1,"href":"https:\/\/eldiariodesanpedro.com.ar\/sitio\/wp-json\/wp\/v2\/posts\/15983\/revisions"}],"predecessor-version":[{"id":15985,"href":"https:\/\/eldiariodesanpedro.com.ar\/sitio\/wp-json\/wp\/v2\/posts\/15983\/revisions\/15985"}],"wp:featuredmedia":[{"embeddable":true,"href":"https:\/\/eldiariodesanpedro.com.ar\/sitio\/wp-json\/wp\/v2\/media\/12943"}],"wp:attachment":[{"href":"https:\/\/eldiariodesanpedro.com.ar\/sitio\/wp-json\/wp\/v2\/media?parent=15983"}],"wp:term":[{"taxonomy":"category","embeddable":true,"href":"https:\/\/eldiariodesanpedro.com.ar\/sitio\/wp-json\/wp\/v2\/categories?post=15983"},{"taxonomy":"post_tag","embeddable":true,"href":"https:\/\/eldiariodesanpedro.com.ar\/sitio\/wp-json\/wp\/v2\/tags?post=15983"}],"curies":[{"name":"wp","href":"https:\/\/api.w.org\/{rel}","templated":true}]}}