{"id":15982,"date":"2017-03-14T20:27:36","date_gmt":"2017-03-14T23:27:36","guid":{"rendered":"https:\/\/eldiariodesanpedro.com.ar\/sitio\/?p=15982"},"modified":"2017-03-14T20:33:28","modified_gmt":"2017-03-14T23:33:28","slug":"un-joven-de-14-anos-de-edad-manejaba-una-camioneta-y-choco-a-otro-automovil","status":"publish","type":"post","link":"https:\/\/eldiariodesanpedro.com.ar\/sitio\/un-joven-de-14-anos-de-edad-manejaba-una-camioneta-y-choco-a-otro-automovil\/","title":{"rendered":"Un joven de 14 a\u00f1os de edad manejaba una camioneta y choco a otro automovil"},"content":{"rendered":"<p><!-- VideographyWP Plugin Message: Automatic video embedding prevented by plugin options. --><br \/>\nEn la tarde de hoy alrededor de las 15:00 hs se produjo un accidente de tr\u00e1nsito en la colectora de la ruta nacional 9 en direcci\u00f3n de R\u00edo Tala a ruta 191, entre un autom\u00f3vil Gol Tren en el que circulaba una familia oriunda de la ciudad de Bueno Aires que fue colisionada al momento que salia de un puesto de ventas de art\u00edculos regionales por una camioneta Nissan Frontiere color gris que era conducida por un ni\u00f1o de 14 a\u00f1os oriundo de la vecina localidad de R\u00edo Tala.<\/p>\n<p>\u00c1ngel Burgos, director de transito y nocturnidad nos informo: \u00abPor suerte no se produjeron heridos pero podr\u00eda haber sido peor; la medre del joven se presento en lugar con toda la documentaci\u00f3n pero se secuestro la camioneta teniendo en cuenta el criterio de la peligrosidad  de darle la camioneta a una criatura, y se le retuvo para evitar que esta madre vuelva a darle el veh\u00edculo a este menor\u00bb.<\/p>\n<p>Se labro el acta correspondientes y la camioneta fue retenida y se en el galp\u00f3n perteneciente al municipio en COPLAC.<\/p>\n","protected":false},"excerpt":{"rendered":"<p>En la tarde de hoy alrededor de las 15:00 hs se produjo un accidente de tr\u00e1nsito en la colectora de la ruta nacional 9 en direcci\u00f3n de R\u00edo Tala a ruta 191, entre un autom\u00f3vil Gol Tren en el que circulaba una familia oriunda de la ciudad de Bueno Aires que fue colisionada al momento [&hellip;]<\/p>\n","protected":false},"author":4,"featured_media":15991,"comment_status":"open","ping_status":"closed","sticky":false,"template":"","format":"standard","meta":{"om_disable_all_campaigns":false,"_jetpack_memberships_contains_paid_content":false,"footnotes":""},"categories":[50,2,103],"tags":[],"class_list":["post-15982","post","type-post","status-publish","format-standard","has-post-thumbnail","hentry","category-destacadas","category-locales","category-policiales-locales"],"aioseo_notices":[],"gutentor_comment":0,"jetpack_featured_media_url":"https:\/\/eldiariodesanpedro.com.ar\/sitio\/wp-content\/uploads\/2017\/03\/WhatsApp-Image-2017-03-14-at-20.25.54.jpeg","jetpack_shortlink":"https:\/\/wp.me\/p6RhLt-49M","jetpack_sharing_enabled":true,"_links":{"self":[{"href":"https:\/\/eldiariodesanpedro.com.ar\/sitio\/wp-json\/wp\/v2\/posts\/15982","targetHints":{"allow":["GET"]}}],"collection":[{"href":"https:\/\/eldiariodesanpedro.com.ar\/sitio\/wp-json\/wp\/v2\/posts"}],"about":[{"href":"https:\/\/eldiariodesanpedro.com.ar\/sitio\/wp-json\/wp\/v2\/types\/post"}],"author":[{"embeddable":true,"href":"https:\/\/eldiariodesanpedro.com.ar\/sitio\/wp-json\/wp\/v2\/users\/4"}],"replies":[{"embeddable":true,"href":"https:\/\/eldiariodesanpedro.com.ar\/sitio\/wp-json\/wp\/v2\/comments?post=15982"}],"version-history":[{"count":2,"href":"https:\/\/eldiariodesanpedro.com.ar\/sitio\/wp-json\/wp\/v2\/posts\/15982\/revisions"}],"predecessor-version":[{"id":15996,"href":"https:\/\/eldiariodesanpedro.com.ar\/sitio\/wp-json\/wp\/v2\/posts\/15982\/revisions\/15996"}],"wp:featuredmedia":[{"embeddable":true,"href":"https:\/\/eldiariodesanpedro.com.ar\/sitio\/wp-json\/wp\/v2\/media\/15991"}],"wp:attachment":[{"href":"https:\/\/eldiariodesanpedro.com.ar\/sitio\/wp-json\/wp\/v2\/media?parent=15982"}],"wp:term":[{"taxonomy":"category","embeddable":true,"href":"https:\/\/eldiariodesanpedro.com.ar\/sitio\/wp-json\/wp\/v2\/categories?post=15982"},{"taxonomy":"post_tag","embeddable":true,"href":"https:\/\/eldiariodesanpedro.com.ar\/sitio\/wp-json\/wp\/v2\/tags?post=15982"}],"curies":[{"name":"wp","href":"https:\/\/api.w.org\/{rel}","templated":true}]}}