{"id":15979,"date":"2017-03-14T18:55:26","date_gmt":"2017-03-14T21:55:26","guid":{"rendered":"https:\/\/eldiariodesanpedro.com.ar\/sitio\/?p=15979"},"modified":"2017-03-14T18:55:26","modified_gmt":"2017-03-14T21:55:26","slug":"ramallo-joven-accidentada-en-perez-millan-se-encuentra-en-grave-estado","status":"publish","type":"post","link":"https:\/\/eldiariodesanpedro.com.ar\/sitio\/ramallo-joven-accidentada-en-perez-millan-se-encuentra-en-grave-estado\/","title":{"rendered":"RAMALLO: Joven accidentada en P\u00e9rez Mill\u00e1n se encuentra en grave estado"},"content":{"rendered":"<p><!-- VideographyWP Plugin Message: Automatic video embedding prevented by plugin options. --><br \/>\n Estefan\u00eda Torres se llev\u00f3 la peor parte del accidente de motos que se produjo en la madrugada del jueves en P\u00e9rez Mill\u00e1n. Emiliano Denti, la otra persona involucrada en el choque, sufri\u00f3 una fisura detr\u00e1s del o\u00eddo y golpes en las piernas.<\/p>\n<p>  Seg\u00fan informaci\u00f3n oficial, emitida el d\u00eda viernes por el director del Hospital San Felipe; la paciente Torres de 32 a\u00f1os,  tiene un edema cerebral, bajo un estado de coma farmacol\u00f3gico, con asistencia respiratoria mec\u00e1nica. No estar\u00eda fuera de peligro.<\/p>\n<p>  Denti, de 19 a\u00f1os, est\u00e1 internado en la UOM. Presenta una fisura en la zona de la cabeza y golpes en las piernas.<\/p>\n<p>  El accidente se produjo cuando las motos de Denti (circulaba por Av. Manfredi) y la de Torres (circulaba por calle Moreno), colisionaron por causas que deber\u00e1n ser esclarecidas. (http:\/\/www.metafm.com.ar)<\/p>\n","protected":false},"excerpt":{"rendered":"<p>Estefan\u00eda Torres se llev\u00f3 la peor parte del accidente de motos que se produjo en la madrugada del jueves en P\u00e9rez Mill\u00e1n. Emiliano Denti, la otra persona involucrada en el choque, sufri\u00f3 una fisura detr\u00e1s del o\u00eddo y golpes en las piernas. Seg\u00fan informaci\u00f3n oficial, emitida el d\u00eda viernes por el director del Hospital San [&hellip;]<\/p>\n","protected":false},"author":4,"featured_media":15980,"comment_status":"open","ping_status":"closed","sticky":false,"template":"","format":"standard","meta":{"om_disable_all_campaigns":false,"_jetpack_memberships_contains_paid_content":false,"footnotes":""},"categories":[621],"tags":[],"class_list":["post-15979","post","type-post","status-publish","format-standard","has-post-thumbnail","hentry","category-regionales"],"aioseo_notices":[],"gutentor_comment":0,"jetpack_featured_media_url":"https:\/\/eldiariodesanpedro.com.ar\/sitio\/wp-content\/uploads\/2017\/03\/Estefan\u00eda-Torres.jpg","jetpack_shortlink":"https:\/\/wp.me\/p6RhLt-49J","jetpack_sharing_enabled":true,"_links":{"self":[{"href":"https:\/\/eldiariodesanpedro.com.ar\/sitio\/wp-json\/wp\/v2\/posts\/15979","targetHints":{"allow":["GET"]}}],"collection":[{"href":"https:\/\/eldiariodesanpedro.com.ar\/sitio\/wp-json\/wp\/v2\/posts"}],"about":[{"href":"https:\/\/eldiariodesanpedro.com.ar\/sitio\/wp-json\/wp\/v2\/types\/post"}],"author":[{"embeddable":true,"href":"https:\/\/eldiariodesanpedro.com.ar\/sitio\/wp-json\/wp\/v2\/users\/4"}],"replies":[{"embeddable":true,"href":"https:\/\/eldiariodesanpedro.com.ar\/sitio\/wp-json\/wp\/v2\/comments?post=15979"}],"version-history":[{"count":1,"href":"https:\/\/eldiariodesanpedro.com.ar\/sitio\/wp-json\/wp\/v2\/posts\/15979\/revisions"}],"predecessor-version":[{"id":15981,"href":"https:\/\/eldiariodesanpedro.com.ar\/sitio\/wp-json\/wp\/v2\/posts\/15979\/revisions\/15981"}],"wp:featuredmedia":[{"embeddable":true,"href":"https:\/\/eldiariodesanpedro.com.ar\/sitio\/wp-json\/wp\/v2\/media\/15980"}],"wp:attachment":[{"href":"https:\/\/eldiariodesanpedro.com.ar\/sitio\/wp-json\/wp\/v2\/media?parent=15979"}],"wp:term":[{"taxonomy":"category","embeddable":true,"href":"https:\/\/eldiariodesanpedro.com.ar\/sitio\/wp-json\/wp\/v2\/categories?post=15979"},{"taxonomy":"post_tag","embeddable":true,"href":"https:\/\/eldiariodesanpedro.com.ar\/sitio\/wp-json\/wp\/v2\/tags?post=15979"}],"curies":[{"name":"wp","href":"https:\/\/api.w.org\/{rel}","templated":true}]}}