{"id":15976,"date":"2017-03-14T18:52:35","date_gmt":"2017-03-14T21:52:35","guid":{"rendered":"https:\/\/eldiariodesanpedro.com.ar\/sitio\/?p=15976"},"modified":"2017-03-14T18:52:35","modified_gmt":"2017-03-14T21:52:35","slug":"otro-caso-de-meningitis-en-san-nicolas","status":"publish","type":"post","link":"https:\/\/eldiariodesanpedro.com.ar\/sitio\/otro-caso-de-meningitis-en-san-nicolas\/","title":{"rendered":"Otro caso de meningitis en San Nicol\u00e1s"},"content":{"rendered":"<p><!-- VideographyWP Plugin Message: Automatic video embedding prevented by plugin options. --><br \/>\n Desde el pasado mi\u00e9rcoles, se encuentra internada una mujer de aproximadamente 40 a\u00f1os, con diagn\u00f3stico de meningitis. Es empleada de la delegaci\u00f3n municipal de La Emilia.<\/p>\n<p>  El caso fue confirmado por las autoridades de la Cl\u00ednica de la UOM, donde se encuentra internada la paciente. All\u00ed se le est\u00e1n practicando todos los tratamientos que corresponden para el caso, aunque la decisi\u00f3n de la familia ser\u00eda derivarla a un centro asistencial de la Capital Federal.<\/p>\n<p>  Seg\u00fan se pudo saber, el estado de la paciente es delicado, ya que en las \u00faltimas horas sufri\u00f3 algunas complicaciones. Recordemos que hace un par de semanas se registraron dos casos de meningitis en internos de la C\u00e1rcel de San Nicol\u00e1s; uno de ellos, falleci\u00f3 cuando se encontraba internado en el Hospital San Felipe. (Diario El Norte)<\/p>\n","protected":false},"excerpt":{"rendered":"<p>Desde el pasado mi\u00e9rcoles, se encuentra internada una mujer de aproximadamente 40 a\u00f1os, con diagn\u00f3stico de meningitis. Es empleada de la delegaci\u00f3n municipal de La Emilia. El caso fue confirmado por las autoridades de la Cl\u00ednica de la UOM, donde se encuentra internada la paciente. All\u00ed se le est\u00e1n practicando todos los tratamientos que corresponden [&hellip;]<\/p>\n","protected":false},"author":4,"featured_media":15977,"comment_status":"open","ping_status":"closed","sticky":false,"template":"","format":"standard","meta":{"om_disable_all_campaigns":false,"_jetpack_memberships_contains_paid_content":false,"footnotes":""},"categories":[621],"tags":[],"class_list":["post-15976","post","type-post","status-publish","format-standard","has-post-thumbnail","hentry","category-regionales"],"aioseo_notices":[],"gutentor_comment":0,"jetpack_featured_media_url":"https:\/\/eldiariodesanpedro.com.ar\/sitio\/wp-content\/uploads\/2017\/03\/sanatorio-uom.jpg","jetpack_shortlink":"https:\/\/wp.me\/p6RhLt-49G","jetpack_sharing_enabled":true,"_links":{"self":[{"href":"https:\/\/eldiariodesanpedro.com.ar\/sitio\/wp-json\/wp\/v2\/posts\/15976","targetHints":{"allow":["GET"]}}],"collection":[{"href":"https:\/\/eldiariodesanpedro.com.ar\/sitio\/wp-json\/wp\/v2\/posts"}],"about":[{"href":"https:\/\/eldiariodesanpedro.com.ar\/sitio\/wp-json\/wp\/v2\/types\/post"}],"author":[{"embeddable":true,"href":"https:\/\/eldiariodesanpedro.com.ar\/sitio\/wp-json\/wp\/v2\/users\/4"}],"replies":[{"embeddable":true,"href":"https:\/\/eldiariodesanpedro.com.ar\/sitio\/wp-json\/wp\/v2\/comments?post=15976"}],"version-history":[{"count":1,"href":"https:\/\/eldiariodesanpedro.com.ar\/sitio\/wp-json\/wp\/v2\/posts\/15976\/revisions"}],"predecessor-version":[{"id":15978,"href":"https:\/\/eldiariodesanpedro.com.ar\/sitio\/wp-json\/wp\/v2\/posts\/15976\/revisions\/15978"}],"wp:featuredmedia":[{"embeddable":true,"href":"https:\/\/eldiariodesanpedro.com.ar\/sitio\/wp-json\/wp\/v2\/media\/15977"}],"wp:attachment":[{"href":"https:\/\/eldiariodesanpedro.com.ar\/sitio\/wp-json\/wp\/v2\/media?parent=15976"}],"wp:term":[{"taxonomy":"category","embeddable":true,"href":"https:\/\/eldiariodesanpedro.com.ar\/sitio\/wp-json\/wp\/v2\/categories?post=15976"},{"taxonomy":"post_tag","embeddable":true,"href":"https:\/\/eldiariodesanpedro.com.ar\/sitio\/wp-json\/wp\/v2\/tags?post=15976"}],"curies":[{"name":"wp","href":"https:\/\/api.w.org\/{rel}","templated":true}]}}