{"id":15973,"date":"2017-03-14T18:51:06","date_gmt":"2017-03-14T21:51:06","guid":{"rendered":"https:\/\/eldiariodesanpedro.com.ar\/sitio\/?p=15973"},"modified":"2017-03-14T18:51:06","modified_gmt":"2017-03-14T21:51:06","slug":"accidente-en-ruta-provincial-41","status":"publish","type":"post","link":"https:\/\/eldiariodesanpedro.com.ar\/sitio\/accidente-en-ruta-provincial-41\/","title":{"rendered":"Accidente en Ruta Provincial 41"},"content":{"rendered":"<p><!-- VideographyWP Plugin Message: Automatic video embedding prevented by plugin options. --><br \/>\nEl hecho ocurri\u00f3 el domingo anterior, pasadas las 6 am entre un Seat Le\u00f3n y VW Gol. Los veh\u00edculos colisionaron de frente. Ambos son de nuestra ciudad. En el primer vech\u00edculo se trasladaba un joven identificado como Ant\u00f3n -quien no habr\u00eda sufrido heridas-, mientras que en el Gol iban tres j\u00f3venes mujeres de apellido Celli, De Blas y Ribas respectivamente, y Jonatan Gueis.<\/p>\n<p>  Al llegar al lugar, Bomberos Voluntarios trabaj\u00f3 liberando a las mujeres, que se encontraban atrapadas en el veh\u00edculo VW; debiendo cortar fierros, una de las puertas y un asiento del mismo. Los heridos fueron trasladadas al Hospital Emilio Zerboni por ambulancias del nosocomio y de Bomberos. El masculino pudo ser sacado sin problemas por personal de Bomberos.<\/p>\n<p>  Seg\u00fan las versiones de los allegados que estaban en el lugar, las tres j\u00f3venes regresaban a San Antonio de Areco desde la ciudad de San Andr\u00e9s de Giles, mientras que Ant\u00f3n sal\u00eda de una fiesta privada de nuestra localidad.<\/p>\n<p>  La polic\u00eda debi\u00f3 cortar la Ruta en ambas manos por el lapso de un poco m\u00e1s de una hora, ya que se trabajaba en el rescate y traslado de los accidentados; y luego se realizaron las pericias.<\/p>\n<p>  El Director del Hospital Zerboni, Dr. Sergio Abal, quien nos brind\u00f3 el \u00faltimo parte m\u00e9dico de los j\u00f3venes accidentados en domingo a la madrugada en la Ruta Provincial 41, dijo a este medio: \u201cEl masculino contin\u00faa en terapia intensiva, evolucionando. La joven De Blas de 19 a\u00f1os, tiene un s\u00edndrome de cintur\u00f3n, con traumatismo tor\u00e1cico; est\u00e1 internada en sala general. Ribas fue derivada por su obra social, con fractura de tibia en sus ambas piernas. Y Celli, fue derivada a un sanatorio de Capital Federal, con fractura de tibia derecha y fractura de maxilar inferior con p\u00e9rdida de piezas dentales\u201d. (Bosco Producciones)<\/p>\n","protected":false},"excerpt":{"rendered":"<p>El hecho ocurri\u00f3 el domingo anterior, pasadas las 6 am entre un Seat Le\u00f3n y VW Gol. Los veh\u00edculos colisionaron de frente. Ambos son de nuestra ciudad. En el primer vech\u00edculo se trasladaba un joven identificado como Ant\u00f3n -quien no habr\u00eda sufrido heridas-, mientras que en el Gol iban tres j\u00f3venes mujeres de apellido Celli, [&hellip;]<\/p>\n","protected":false},"author":4,"featured_media":15974,"comment_status":"open","ping_status":"closed","sticky":false,"template":"","format":"standard","meta":{"om_disable_all_campaigns":false,"_jetpack_memberships_contains_paid_content":false,"footnotes":""},"categories":[621],"tags":[],"class_list":["post-15973","post","type-post","status-publish","format-standard","has-post-thumbnail","hentry","category-regionales"],"aioseo_notices":[],"gutentor_comment":0,"jetpack_featured_media_url":"https:\/\/eldiariodesanpedro.com.ar\/sitio\/wp-content\/uploads\/2017\/03\/El-accidente-ocurrido-en-la-Ruta-41.jpg","jetpack_shortlink":"https:\/\/wp.me\/p6RhLt-49D","jetpack_sharing_enabled":true,"_links":{"self":[{"href":"https:\/\/eldiariodesanpedro.com.ar\/sitio\/wp-json\/wp\/v2\/posts\/15973","targetHints":{"allow":["GET"]}}],"collection":[{"href":"https:\/\/eldiariodesanpedro.com.ar\/sitio\/wp-json\/wp\/v2\/posts"}],"about":[{"href":"https:\/\/eldiariodesanpedro.com.ar\/sitio\/wp-json\/wp\/v2\/types\/post"}],"author":[{"embeddable":true,"href":"https:\/\/eldiariodesanpedro.com.ar\/sitio\/wp-json\/wp\/v2\/users\/4"}],"replies":[{"embeddable":true,"href":"https:\/\/eldiariodesanpedro.com.ar\/sitio\/wp-json\/wp\/v2\/comments?post=15973"}],"version-history":[{"count":1,"href":"https:\/\/eldiariodesanpedro.com.ar\/sitio\/wp-json\/wp\/v2\/posts\/15973\/revisions"}],"predecessor-version":[{"id":15975,"href":"https:\/\/eldiariodesanpedro.com.ar\/sitio\/wp-json\/wp\/v2\/posts\/15973\/revisions\/15975"}],"wp:featuredmedia":[{"embeddable":true,"href":"https:\/\/eldiariodesanpedro.com.ar\/sitio\/wp-json\/wp\/v2\/media\/15974"}],"wp:attachment":[{"href":"https:\/\/eldiariodesanpedro.com.ar\/sitio\/wp-json\/wp\/v2\/media?parent=15973"}],"wp:term":[{"taxonomy":"category","embeddable":true,"href":"https:\/\/eldiariodesanpedro.com.ar\/sitio\/wp-json\/wp\/v2\/categories?post=15973"},{"taxonomy":"post_tag","embeddable":true,"href":"https:\/\/eldiariodesanpedro.com.ar\/sitio\/wp-json\/wp\/v2\/tags?post=15973"}],"curies":[{"name":"wp","href":"https:\/\/api.w.org\/{rel}","templated":true}]}}