{"id":15970,"date":"2017-03-14T18:41:50","date_gmt":"2017-03-14T21:41:50","guid":{"rendered":"https:\/\/eldiariodesanpedro.com.ar\/sitio\/?p=15970"},"modified":"2017-03-14T18:41:50","modified_gmt":"2017-03-14T21:41:50","slug":"el-jueves-se-hara-una-sesion-extraordinaria-del-hcd","status":"publish","type":"post","link":"https:\/\/eldiariodesanpedro.com.ar\/sitio\/el-jueves-se-hara-una-sesion-extraordinaria-del-hcd\/","title":{"rendered":"El jueves se har\u00e1 una sesi\u00f3n extraordinaria del HCD"},"content":{"rendered":"<p><!-- VideographyWP Plugin Message: Automatic video embedding prevented by plugin options. --><\/p>\n<p>  El d\u00eda jueves se har\u00e1 una sesi\u00f3n extraordinaria del HCD a las 9 hs. para tratar dos expedientes. En ese sentido, el Concejal Am\u00e9rico Quintana, explic\u00f3: \u201cTenemos dos tratamientos para hacer. Uno de ellos, es el leasing para la compra de maquinarias por parte del municipio. Estamos en total acuerdo para que eso salga\u201d. <\/p>\n<p>  En este caso \u201cel Concejo es como un garante, para que el Banco Provincia le pueda otorgar el cr\u00e9dito\u201d, sostuvo el edil. Y sobre el segundo punto, dijo: \u201cel pedido de aumento del boleto desde de la empresa Vercelli, va a pasar a Comisi\u00f3n porque queremos analizarlo\u201d. Sobre el tema, explic\u00f3: \u201cNo son valores tan altos como en alg\u00fan momento se pensaba. Para tener idea, hoy tenemos $7,60 y va a llegar a $9.10 en el recorrido urbano. Luego en los valores de R\u00edo Tala, Gdor. Castro y Santa Luc\u00eda; tienen un valor distinto\u201d. \u201cMe parece que es una cosa razonable\u201d, opin\u00f3. <\/p>\n","protected":false},"excerpt":{"rendered":"<p>El d\u00eda jueves se har\u00e1 una sesi\u00f3n extraordinaria del HCD a las 9 hs. para tratar dos expedientes. En ese sentido, el Concejal Am\u00e9rico Quintana, explic\u00f3: \u201cTenemos dos tratamientos para hacer. Uno de ellos, es el leasing para la compra de maquinarias por parte del municipio. Estamos en total acuerdo para que eso salga\u201d. En [&hellip;]<\/p>\n","protected":false},"author":4,"featured_media":15971,"comment_status":"open","ping_status":"closed","sticky":false,"template":"","format":"standard","meta":{"om_disable_all_campaigns":false,"_jetpack_memberships_contains_paid_content":false,"footnotes":""},"categories":[2,102],"tags":[],"class_list":["post-15970","post","type-post","status-publish","format-standard","has-post-thumbnail","hentry","category-locales","category-politica-locales"],"aioseo_notices":[],"gutentor_comment":0,"jetpack_featured_media_url":"https:\/\/eldiariodesanpedro.com.ar\/sitio\/wp-content\/uploads\/2017\/03\/HCD-OPOSICION.jpg","jetpack_shortlink":"https:\/\/wp.me\/p6RhLt-49A","jetpack_sharing_enabled":true,"_links":{"self":[{"href":"https:\/\/eldiariodesanpedro.com.ar\/sitio\/wp-json\/wp\/v2\/posts\/15970","targetHints":{"allow":["GET"]}}],"collection":[{"href":"https:\/\/eldiariodesanpedro.com.ar\/sitio\/wp-json\/wp\/v2\/posts"}],"about":[{"href":"https:\/\/eldiariodesanpedro.com.ar\/sitio\/wp-json\/wp\/v2\/types\/post"}],"author":[{"embeddable":true,"href":"https:\/\/eldiariodesanpedro.com.ar\/sitio\/wp-json\/wp\/v2\/users\/4"}],"replies":[{"embeddable":true,"href":"https:\/\/eldiariodesanpedro.com.ar\/sitio\/wp-json\/wp\/v2\/comments?post=15970"}],"version-history":[{"count":1,"href":"https:\/\/eldiariodesanpedro.com.ar\/sitio\/wp-json\/wp\/v2\/posts\/15970\/revisions"}],"predecessor-version":[{"id":15972,"href":"https:\/\/eldiariodesanpedro.com.ar\/sitio\/wp-json\/wp\/v2\/posts\/15970\/revisions\/15972"}],"wp:featuredmedia":[{"embeddable":true,"href":"https:\/\/eldiariodesanpedro.com.ar\/sitio\/wp-json\/wp\/v2\/media\/15971"}],"wp:attachment":[{"href":"https:\/\/eldiariodesanpedro.com.ar\/sitio\/wp-json\/wp\/v2\/media?parent=15970"}],"wp:term":[{"taxonomy":"category","embeddable":true,"href":"https:\/\/eldiariodesanpedro.com.ar\/sitio\/wp-json\/wp\/v2\/categories?post=15970"},{"taxonomy":"post_tag","embeddable":true,"href":"https:\/\/eldiariodesanpedro.com.ar\/sitio\/wp-json\/wp\/v2\/tags?post=15970"}],"curies":[{"name":"wp","href":"https:\/\/api.w.org\/{rel}","templated":true}]}}