{"id":15960,"date":"2017-03-14T16:58:33","date_gmt":"2017-03-14T19:58:33","guid":{"rendered":"https:\/\/eldiariodesanpedro.com.ar\/sitio\/?p=15960"},"modified":"2017-03-14T16:58:33","modified_gmt":"2017-03-14T19:58:33","slug":"jornada-sobre-diabetes-en-el-cic","status":"publish","type":"post","link":"https:\/\/eldiariodesanpedro.com.ar\/sitio\/jornada-sobre-diabetes-en-el-cic\/","title":{"rendered":"Jornada sobre diabetes en el CIC"},"content":{"rendered":"<p><!-- VideographyWP Plugin Message: Automatic video embedding prevented by plugin options. --><br \/>\nEl grupo Creando Conciencia invita a la poblaci\u00f3n a participar del taller: \u00abGeneralidades de la Diabetes\u201d a cargo de la Dra. Claudia Dotti. Ser\u00e1 este mi\u00e9rcoles 15 de marzo, a las 9.00 en el CIC.<\/p>\n<p>INFORMACI\u00d3N DEL MINISTERIO DE SALUD DE LA NACI\u00d3N<\/p>\n<p>\u00bfQu\u00e9 es la diabetes?<br \/>\nEs una enfermedad cr\u00f3nica que se caracteriza por presentar niveles aumentados de az\u00facar en sangre (glucemia). Se estima que afecta a m\u00e1s de 3.000.000 de personas en nuestro pa\u00eds y dado que por varios a\u00f1os permanece silenciosa, aproximadamente la mitad de quienes la padecen, desconocen su condici\u00f3n.<br \/>\n\u00bfCu\u00e1les son sus causas?<br \/>\nLa causa de la diabetes es una alteraci\u00f3n en la producci\u00f3n o el funcionamiento de la insulina, hormona fabricada por el p\u00e1ncreas, que funciona como una llave facilitando el pasaje de la glucosa desde la sangre a los \u00f3rganos y tejidos.<br \/>\nExisten varios tipos de diabetes.<br \/>\nTipo 1: no hay producci\u00f3n de insulina por lo tanto el organismo no cuenta con la llave que permita abrir la puerta de entrada de los az\u00facares a los tejidos. Comienza generalmente antes de los 30 a\u00f1os y su tratamiento requiere seguir un plan de alimentaci\u00f3n adecuado y la aplicaci\u00f3n de inyecciones de insulina.<br \/>\nTipo 2: Es la m\u00e1s com\u00fan. Suele comenzar despu\u00e9s de los 40 a\u00f1os. Este tipo de diabetes suele ser consecuencia del sobrepeso, la obesidad, la mala alimentaci\u00f3n y el sedentarismo. Si bien existe producci\u00f3n de insulina la misma act\u00faa de forma inadecuada.<\/p>\n<p>\u00bfC\u00f3mo se detecta?<br \/>\n El diagn\u00f3stico de diabetes se realiza mediante la determinaci\u00f3n de glucemia en ayunas en sangre venosa. La determinaci\u00f3n en sangre capilar (punci\u00f3n en la yema del dedo) es \u00fatil para la supervisi\u00f3n del tratamiento en las personas que reciben insulina, pero no se recomienda como m\u00e9todo diagn\u00f3stico.<\/p>\n<p>S\u00edntomas<br \/>\nTendencia a infecciones en la piel<br \/>\nAumento de la sed<br \/>\nP\u00e9rdida de peso.<br \/>\nAumento del apetito<br \/>\nAumento de la producci\u00f3n de orina<br \/>\nSequedad de boca.<br \/>\nExisten algunas situaciones que aumentan el riesgo a desarrollar la enfermedad tales como tener m\u00e1s de 45 a\u00f1os; Padres o hermanos con diabetes; Obesidad o sobrepeso; Hipertensi\u00f3n arterial; Enfermedad cardiovascular; Colesterol elevado.<\/p>\n<p>Si tiene alguno de estos s\u00edntomas o caracter\u00edsticas, ac\u00e9rquese al centro de salud m\u00e1s cercano para realizar un control.<\/p>\n","protected":false},"excerpt":{"rendered":"<p>El grupo Creando Conciencia invita a la poblaci\u00f3n a participar del taller: \u00abGeneralidades de la Diabetes\u201d a cargo de la Dra. Claudia Dotti. Ser\u00e1 este mi\u00e9rcoles 15 de marzo, a las 9.00 en el CIC. INFORMACI\u00d3N DEL MINISTERIO DE SALUD DE LA NACI\u00d3N \u00bfQu\u00e9 es la diabetes? Es una enfermedad cr\u00f3nica que se caracteriza por [&hellip;]<\/p>\n","protected":false},"author":4,"featured_media":15961,"comment_status":"open","ping_status":"closed","sticky":false,"template":"","format":"standard","meta":{"om_disable_all_campaigns":false,"_jetpack_memberships_contains_paid_content":false,"footnotes":""},"categories":[101,2],"tags":[],"class_list":["post-15960","post","type-post","status-publish","format-standard","has-post-thumbnail","hentry","category-interes-general-locales","category-locales"],"aioseo_notices":[],"gutentor_comment":0,"jetpack_featured_media_url":"https:\/\/eldiariodesanpedro.com.ar\/sitio\/wp-content\/uploads\/2017\/03\/Diabetes-e1489521498327.jpg","jetpack_shortlink":"https:\/\/wp.me\/p6RhLt-49q","jetpack_sharing_enabled":true,"_links":{"self":[{"href":"https:\/\/eldiariodesanpedro.com.ar\/sitio\/wp-json\/wp\/v2\/posts\/15960","targetHints":{"allow":["GET"]}}],"collection":[{"href":"https:\/\/eldiariodesanpedro.com.ar\/sitio\/wp-json\/wp\/v2\/posts"}],"about":[{"href":"https:\/\/eldiariodesanpedro.com.ar\/sitio\/wp-json\/wp\/v2\/types\/post"}],"author":[{"embeddable":true,"href":"https:\/\/eldiariodesanpedro.com.ar\/sitio\/wp-json\/wp\/v2\/users\/4"}],"replies":[{"embeddable":true,"href":"https:\/\/eldiariodesanpedro.com.ar\/sitio\/wp-json\/wp\/v2\/comments?post=15960"}],"version-history":[{"count":1,"href":"https:\/\/eldiariodesanpedro.com.ar\/sitio\/wp-json\/wp\/v2\/posts\/15960\/revisions"}],"predecessor-version":[{"id":15962,"href":"https:\/\/eldiariodesanpedro.com.ar\/sitio\/wp-json\/wp\/v2\/posts\/15960\/revisions\/15962"}],"wp:featuredmedia":[{"embeddable":true,"href":"https:\/\/eldiariodesanpedro.com.ar\/sitio\/wp-json\/wp\/v2\/media\/15961"}],"wp:attachment":[{"href":"https:\/\/eldiariodesanpedro.com.ar\/sitio\/wp-json\/wp\/v2\/media?parent=15960"}],"wp:term":[{"taxonomy":"category","embeddable":true,"href":"https:\/\/eldiariodesanpedro.com.ar\/sitio\/wp-json\/wp\/v2\/categories?post=15960"},{"taxonomy":"post_tag","embeddable":true,"href":"https:\/\/eldiariodesanpedro.com.ar\/sitio\/wp-json\/wp\/v2\/tags?post=15960"}],"curies":[{"name":"wp","href":"https:\/\/api.w.org\/{rel}","templated":true}]}}