{"id":15957,"date":"2017-03-14T16:54:30","date_gmt":"2017-03-14T19:54:30","guid":{"rendered":"https:\/\/eldiariodesanpedro.com.ar\/sitio\/?p=15957"},"modified":"2017-03-14T16:54:30","modified_gmt":"2017-03-14T19:54:30","slug":"gravida-convoca-a-las-jornadas-de-capacitacion-para-el-servicio-a-la-vida-vivi-con-esperanza-servi-con-alegria","status":"publish","type":"post","link":"https:\/\/eldiariodesanpedro.com.ar\/sitio\/gravida-convoca-a-las-jornadas-de-capacitacion-para-el-servicio-a-la-vida-vivi-con-esperanza-servi-con-alegria\/","title":{"rendered":"Gr\u00e1vida convoca a las Jornadas de Capacitaci\u00f3n para el  Servicio a la Vida  \u00a1\u201cViv\u00ed con esperanza, serv\u00ed con alegr\u00eda\u201d!"},"content":{"rendered":"<p><!-- VideographyWP Plugin Message: Automatic video embedding prevented by plugin options. --><br \/>\nUna vez m\u00e1s nos alegramos en anunciar que nos preparamos para las primeras Jornadas de Capacitaci\u00f3n para el Servicio a la Vida de este a\u00f1o 2017. Esta vez en la Arquidi\u00f3cesis de Salta.<\/p>\n<p>El objetivo del encuentro es la capacitaci\u00f3n de nuevos voluntarios, ya sean j\u00f3venes, adultos, agentes de pastoral, profesionales, docentes, y todos los hombres y mujeres de buena voluntad que anhelen disponer sus corazones y se sientan llamados a formarse para servir a la vida por nacer.<\/p>\n<p>Se llevar\u00e1n a cabo los d\u00edas 25 y 26 de marzo en la Parroquia San Alfonso, Leguizam\u00f3n 812, Salta.<\/p>\n<p>Con la creaci\u00f3n o el fortalecimiento de cada centro de ayuda, Gr\u00e1vida alienta una estrategia com\u00fan como Iglesia para concientizar y encender una renovada catequesis de la valorizaci\u00f3n de la vida humana desde el seno materno, como una propuesta reparadora de la cultura antivida.<\/p>\n<p>Los voluntarios de Gr\u00e1vida acompa\u00f1an y cuidan de la mam\u00e1 embarazada y su hijo, para alentar su desarrollo integral y fortalecer el v\u00ednculo con el beb\u00e9 desde la panza. As\u00ed se trabaja para prevenir el aborto y toda forma de violencia,  transformando desde el amor la primera relaci\u00f3n mam\u00e1-beb\u00e9. Es as\u00ed que los voluntarios experimentan, a trav\u00e9s de este servicio, a la persona desde el primer instante de vida en el seno materno, contribuyendo a un nuevo proceso de valorizaci\u00f3n y dignificaci\u00f3n de la vida humana.<\/p>\n<p>A todos aquellos que sientan el llamado y quieran \u201cVivir con esperanza, servir con alegr\u00eda\u201d, pueden contactarse para m\u00e1s informes e inscripci\u00f3n a: jornadassalta17@gmail.com<\/p>\n<p>Para conocer m\u00e1s acerca de Gr\u00e1vida <a href=\"http:\/\/www.gravida.org.ar\">www.gravida.org.ar<\/a><\/p>\n","protected":false},"excerpt":{"rendered":"<p>Una vez m\u00e1s nos alegramos en anunciar que nos preparamos para las primeras Jornadas de Capacitaci\u00f3n para el Servicio a la Vida de este a\u00f1o 2017. Esta vez en la Arquidi\u00f3cesis de Salta. El objetivo del encuentro es la capacitaci\u00f3n de nuevos voluntarios, ya sean j\u00f3venes, adultos, agentes de pastoral, profesionales, docentes, y todos los [&hellip;]<\/p>\n","protected":false},"author":4,"featured_media":15958,"comment_status":"open","ping_status":"closed","sticky":false,"template":"","format":"standard","meta":{"om_disable_all_campaigns":false,"_jetpack_memberships_contains_paid_content":false,"footnotes":""},"categories":[101,2],"tags":[],"class_list":["post-15957","post","type-post","status-publish","format-standard","has-post-thumbnail","hentry","category-interes-general-locales","category-locales"],"aioseo_notices":[],"gutentor_comment":0,"jetpack_featured_media_url":"https:\/\/eldiariodesanpedro.com.ar\/sitio\/wp-content\/uploads\/2017\/03\/gravida.jpg","jetpack_shortlink":"https:\/\/wp.me\/p6RhLt-49n","jetpack_sharing_enabled":true,"_links":{"self":[{"href":"https:\/\/eldiariodesanpedro.com.ar\/sitio\/wp-json\/wp\/v2\/posts\/15957","targetHints":{"allow":["GET"]}}],"collection":[{"href":"https:\/\/eldiariodesanpedro.com.ar\/sitio\/wp-json\/wp\/v2\/posts"}],"about":[{"href":"https:\/\/eldiariodesanpedro.com.ar\/sitio\/wp-json\/wp\/v2\/types\/post"}],"author":[{"embeddable":true,"href":"https:\/\/eldiariodesanpedro.com.ar\/sitio\/wp-json\/wp\/v2\/users\/4"}],"replies":[{"embeddable":true,"href":"https:\/\/eldiariodesanpedro.com.ar\/sitio\/wp-json\/wp\/v2\/comments?post=15957"}],"version-history":[{"count":1,"href":"https:\/\/eldiariodesanpedro.com.ar\/sitio\/wp-json\/wp\/v2\/posts\/15957\/revisions"}],"predecessor-version":[{"id":15959,"href":"https:\/\/eldiariodesanpedro.com.ar\/sitio\/wp-json\/wp\/v2\/posts\/15957\/revisions\/15959"}],"wp:featuredmedia":[{"embeddable":true,"href":"https:\/\/eldiariodesanpedro.com.ar\/sitio\/wp-json\/wp\/v2\/media\/15958"}],"wp:attachment":[{"href":"https:\/\/eldiariodesanpedro.com.ar\/sitio\/wp-json\/wp\/v2\/media?parent=15957"}],"wp:term":[{"taxonomy":"category","embeddable":true,"href":"https:\/\/eldiariodesanpedro.com.ar\/sitio\/wp-json\/wp\/v2\/categories?post=15957"},{"taxonomy":"post_tag","embeddable":true,"href":"https:\/\/eldiariodesanpedro.com.ar\/sitio\/wp-json\/wp\/v2\/tags?post=15957"}],"curies":[{"name":"wp","href":"https:\/\/api.w.org\/{rel}","templated":true}]}}