{"id":15951,"date":"2017-03-14T10:13:58","date_gmt":"2017-03-14T13:13:58","guid":{"rendered":"https:\/\/eldiariodesanpedro.com.ar\/sitio\/?p=15951"},"modified":"2017-03-14T10:13:58","modified_gmt":"2017-03-14T13:13:58","slug":"un-accidente-donde-un-menor-de-8-anos-sufrio-una-perforacion-intestinal","status":"publish","type":"post","link":"https:\/\/eldiariodesanpedro.com.ar\/sitio\/un-accidente-donde-un-menor-de-8-anos-sufrio-una-perforacion-intestinal\/","title":{"rendered":"Un accidente donde un menor de 8 a\u00f1os sufrio una perforacion intestinal"},"content":{"rendered":"<p><!-- VideographyWP Plugin Message: Automatic video embedding prevented by plugin options. --><br \/>\nEl incidente se produjo cerca de las 19 hs. en la zona costanera, frente al Club Pescadores, cuando la moto llevaba de tiro a una bicicleta.<\/p>\n<p>Como consecuencia de la maniobra, se engancharon y todos cayeron a la cinta asf\u00e1ltica. Es por ello que una mujer de 21 a\u00f1os, una joven de 14, un ni\u00f1o de 8 y una nena de 4 sufrieron diversas lesiones.<\/p>\n<p>La peor parte se la llev\u00f3 el nene que sufri\u00f3 una perforaci\u00f3n en su intestino, por lo que debi\u00f3 ser intervenido quir\u00fargicamente en el Hospital. En tanto que la menor de 4 tuvo, sufri\u00f3 un traumatismo facial con escoriaciones. Los restantes sufrieron lesiones leves y fueron dados de alta.<\/p>\n","protected":false},"excerpt":{"rendered":"<p>El incidente se produjo cerca de las 19 hs. en la zona costanera, frente al Club Pescadores, cuando la moto llevaba de tiro a una bicicleta. Como consecuencia de la maniobra, se engancharon y todos cayeron a la cinta asf\u00e1ltica. Es por ello que una mujer de 21 a\u00f1os, una joven de 14, un ni\u00f1o [&hellip;]<\/p>\n","protected":false},"author":4,"featured_media":2624,"comment_status":"open","ping_status":"closed","sticky":false,"template":"","format":"standard","meta":{"om_disable_all_campaigns":false,"_jetpack_memberships_contains_paid_content":false,"footnotes":""},"categories":[2,103],"tags":[],"class_list":["post-15951","post","type-post","status-publish","format-standard","has-post-thumbnail","hentry","category-locales","category-policiales-locales"],"aioseo_notices":[],"gutentor_comment":0,"jetpack_featured_media_url":"https:\/\/eldiariodesanpedro.com.ar\/sitio\/wp-content\/uploads\/2016\/04\/guardia.jpg","jetpack_shortlink":"https:\/\/wp.me\/p6RhLt-49h","jetpack_sharing_enabled":true,"_links":{"self":[{"href":"https:\/\/eldiariodesanpedro.com.ar\/sitio\/wp-json\/wp\/v2\/posts\/15951","targetHints":{"allow":["GET"]}}],"collection":[{"href":"https:\/\/eldiariodesanpedro.com.ar\/sitio\/wp-json\/wp\/v2\/posts"}],"about":[{"href":"https:\/\/eldiariodesanpedro.com.ar\/sitio\/wp-json\/wp\/v2\/types\/post"}],"author":[{"embeddable":true,"href":"https:\/\/eldiariodesanpedro.com.ar\/sitio\/wp-json\/wp\/v2\/users\/4"}],"replies":[{"embeddable":true,"href":"https:\/\/eldiariodesanpedro.com.ar\/sitio\/wp-json\/wp\/v2\/comments?post=15951"}],"version-history":[{"count":1,"href":"https:\/\/eldiariodesanpedro.com.ar\/sitio\/wp-json\/wp\/v2\/posts\/15951\/revisions"}],"predecessor-version":[{"id":15952,"href":"https:\/\/eldiariodesanpedro.com.ar\/sitio\/wp-json\/wp\/v2\/posts\/15951\/revisions\/15952"}],"wp:featuredmedia":[{"embeddable":true,"href":"https:\/\/eldiariodesanpedro.com.ar\/sitio\/wp-json\/wp\/v2\/media\/2624"}],"wp:attachment":[{"href":"https:\/\/eldiariodesanpedro.com.ar\/sitio\/wp-json\/wp\/v2\/media?parent=15951"}],"wp:term":[{"taxonomy":"category","embeddable":true,"href":"https:\/\/eldiariodesanpedro.com.ar\/sitio\/wp-json\/wp\/v2\/categories?post=15951"},{"taxonomy":"post_tag","embeddable":true,"href":"https:\/\/eldiariodesanpedro.com.ar\/sitio\/wp-json\/wp\/v2\/tags?post=15951"}],"curies":[{"name":"wp","href":"https:\/\/api.w.org\/{rel}","templated":true}]}}