{"id":15947,"date":"2017-03-14T10:05:41","date_gmt":"2017-03-14T13:05:41","guid":{"rendered":"https:\/\/eldiariodesanpedro.com.ar\/sitio\/?p=15947"},"modified":"2017-03-14T10:08:09","modified_gmt":"2017-03-14T13:08:09","slug":"septimo-dia-de-paro-docente-y-ate-se-adihere-a-la-movilizacion-el-jueves","status":"publish","type":"post","link":"https:\/\/eldiariodesanpedro.com.ar\/sitio\/septimo-dia-de-paro-docente-y-ate-se-adihere-a-la-movilizacion-el-jueves\/","title":{"rendered":"S\u00e9ptimo d\u00eda de paro docente y ATE se adihere a la movilizaci\u00f3n el jueves"},"content":{"rendered":"<p><!-- VideographyWP Plugin Message: Automatic video embedding prevented by plugin options. --><br \/>\nContinua el paro docente en su s\u00e9ptimo d\u00eda, reclaman mejoras en la oferta salarial de la Provincia y la apertura de la paritaria nacional con un acatamiento del 92% en San Pedro y un 85% en la vecina localidad de Baradero.<\/p>\n<p>Por su parte ATE emiti\u00f3 un comunicado donde adhieren al paro nacional a realizarse los pr\u00f3ximos mi\u00e9rcoles y jueves el mismo dice: <\/p>\n<p>Estatales y docentes bonaerenses movilizan el jueves a la Gobernaci\u00f3n<br \/>\nEn una clara muestra de unidad y masividad, desde ATE, la AJB,  CICOP, APL y FND (los gremios estatales de la CTA Aut\u00f3noma) han  definido para este jueves una marcha en forma conjunta con el Frente Gremial Docente hacia la Casa de Gobierno provincial, en lo que ser\u00e1 una de las movilizaciones m\u00e1s importantes del a\u00f1o para enfrentar el ajuste, por aumento salarial y por la reapertura de paritarias.<\/p>\n<p>De la movilizaci\u00f3n participar\u00e1n junto a los gremios estatales de la CTA Aut\u00f3noma de la provincia de Buenos Aires, todos los gremios docentes nucleados en el Frente Gremial Docente (AMET, FEB, SADOP, SUTEBA, UDA, UDOCBA).<\/p>\n<p>Entre los reclamos que se llevar\u00e1n a la Gobernaci\u00f3n provincial, se encuentra el de aumento salarial, reapertura de paritarias, por pase a planta permanente de los trabajadores precarizados, en defensa de la salud, la educaci\u00f3n y la justicia.<\/p>\n<p>Seg\u00fan lo expresado por el secretario general de ATE y la CTA Aut\u00f3noma de la provincia de Buenos Aires, Oscar de Isasi: \u201cEs muy importante haber alcanzado ese acuerdo y habla de la madurez de las organizaciones sindicales para interpretar el deseo de los trabajadores y trabajadoras en un momento donde la crisis se descarga sobre los asalariados\u201d.<\/p>\n<p>Asimismo, de Isasi se\u00f1al\u00f3 que: \u201cEsperamos que este dato contundente haga retroceder a la gobernadora y aumente el salario que permita recuperar el poder adquisitivo, avance en el pase a planta permanente de todos los trabajadores precarizados, adem\u00e1s de terminar con la idea de descargar la crisis sobre los trabajadores y los sectores m\u00e1s postergados\u201d.<\/p>\n","protected":false},"excerpt":{"rendered":"<p>Continua el paro docente en su s\u00e9ptimo d\u00eda, reclaman mejoras en la oferta salarial de la Provincia y la apertura de la paritaria nacional con un acatamiento del 92% en San Pedro y un 85% en la vecina localidad de Baradero. Por su parte ATE emiti\u00f3 un comunicado donde adhieren al paro nacional a realizarse [&hellip;]<\/p>\n","protected":false},"author":4,"featured_media":5817,"comment_status":"open","ping_status":"closed","sticky":false,"template":"","format":"standard","meta":{"om_disable_all_campaigns":false,"_jetpack_memberships_contains_paid_content":false,"footnotes":""},"categories":[2,102],"tags":[],"class_list":["post-15947","post","type-post","status-publish","format-standard","has-post-thumbnail","hentry","category-locales","category-politica-locales"],"aioseo_notices":[],"gutentor_comment":0,"jetpack_featured_media_url":"https:\/\/eldiariodesanpedro.com.ar\/sitio\/wp-content\/uploads\/2016\/07\/ATE.jpg","jetpack_shortlink":"https:\/\/wp.me\/p6RhLt-49d","jetpack_sharing_enabled":true,"_links":{"self":[{"href":"https:\/\/eldiariodesanpedro.com.ar\/sitio\/wp-json\/wp\/v2\/posts\/15947","targetHints":{"allow":["GET"]}}],"collection":[{"href":"https:\/\/eldiariodesanpedro.com.ar\/sitio\/wp-json\/wp\/v2\/posts"}],"about":[{"href":"https:\/\/eldiariodesanpedro.com.ar\/sitio\/wp-json\/wp\/v2\/types\/post"}],"author":[{"embeddable":true,"href":"https:\/\/eldiariodesanpedro.com.ar\/sitio\/wp-json\/wp\/v2\/users\/4"}],"replies":[{"embeddable":true,"href":"https:\/\/eldiariodesanpedro.com.ar\/sitio\/wp-json\/wp\/v2\/comments?post=15947"}],"version-history":[{"count":3,"href":"https:\/\/eldiariodesanpedro.com.ar\/sitio\/wp-json\/wp\/v2\/posts\/15947\/revisions"}],"predecessor-version":[{"id":15950,"href":"https:\/\/eldiariodesanpedro.com.ar\/sitio\/wp-json\/wp\/v2\/posts\/15947\/revisions\/15950"}],"wp:featuredmedia":[{"embeddable":true,"href":"https:\/\/eldiariodesanpedro.com.ar\/sitio\/wp-json\/wp\/v2\/media\/5817"}],"wp:attachment":[{"href":"https:\/\/eldiariodesanpedro.com.ar\/sitio\/wp-json\/wp\/v2\/media?parent=15947"}],"wp:term":[{"taxonomy":"category","embeddable":true,"href":"https:\/\/eldiariodesanpedro.com.ar\/sitio\/wp-json\/wp\/v2\/categories?post=15947"},{"taxonomy":"post_tag","embeddable":true,"href":"https:\/\/eldiariodesanpedro.com.ar\/sitio\/wp-json\/wp\/v2\/tags?post=15947"}],"curies":[{"name":"wp","href":"https:\/\/api.w.org\/{rel}","templated":true}]}}