{"id":15944,"date":"2017-03-14T09:54:56","date_gmt":"2017-03-14T12:54:56","guid":{"rendered":"https:\/\/eldiariodesanpedro.com.ar\/sitio\/?p=15944"},"modified":"2017-03-14T09:54:56","modified_gmt":"2017-03-14T12:54:56","slug":"inscripcion-juegos-bonaerenses-2017","status":"publish","type":"post","link":"https:\/\/eldiariodesanpedro.com.ar\/sitio\/inscripcion-juegos-bonaerenses-2017\/","title":{"rendered":"Inscripci\u00f3n Juegos Bonaerenses 2017"},"content":{"rendered":"<p><!-- VideographyWP Plugin Message: Automatic video embedding prevented by plugin options. --><br \/>\nHasta el 10 de abril se encuentra abierta la inscripci\u00f3n para la edici\u00f3n 2017 de los torneos que organiza la Provincia de Buenos Aires. La etapa municipal comenzar\u00e1 a disputarse el 16 de abril prolog\u00e1ndose hasta el 16 de junio, mientras que la final provincial tendr\u00e1 lugar entre el 30 de septiembre y el 4 de octubre.<\/p>\n<p>Las categor\u00edas que podr\u00e1n participar son: En juveniles podr\u00e1n inscribirse los nacidos en el 2002, 2003, 2004 y 2005 que ser\u00edan los correspondientes a la categor\u00eda SUB 15 y los \u201999, \u201900 y \u201901 que competir\u00e1n en la SUB18.<\/p>\n<p>En adultos mayores podr\u00e1n participar los nacidos en el a\u00f1os 1957, inclusive, y anteriores.<\/p>\n<p>Quienes deseen inscribirse deber\u00e1n presentar fotocopia de DNI actualizado en Salta y Arnaldo, Direcci\u00f3n de Cultura.<\/p>\n<p>Disciplinas culturales:<\/p>\n<p>ARTES PL\u00c1STICAS<\/p>\n<p>Dibujo (JUVENILES SUB 15 \/ JUVENILES SUB 18 \/ ADULTOS MAYORES)<\/p>\n<p>Pintura (JUVENILES SUB 15 \/ JUVENILES SUB 18 \/ADULTOS MAYORES)<\/p>\n<p>Objeto Art\u00edstico Tridimensional (JUVENILES SUB 15 \/ JUVENILES SUB 18 \/ ADULTOS MAYORES)<\/p>\n<p>COCINEROS BONAERENSES<\/p>\n<p>Plato Principal (JUVENILES \u00daNICA \/  ADULTOS MAYORES)<\/p>\n<p>Postre  (JUVENILES \u00daNICA \/ ADULTOS MAYORES)<\/p>\n<p>LITERATURA<\/p>\n<p>Poes\u00eda (JUVENILES SUB 15 \/ JUVENILES SUB 18 \/ ADULTOS MAYORES)<\/p>\n<p>Narrativa (JUVENILES SUB 15 \/ JUVENILES SUB 18 \/ ADULTOS MAYORES)<\/p>\n<p> DISCIPLINAS DINAMICAS<\/p>\n<p> DANZAS FOLKL\u00d3RICAS Tradicional Bonaerense<\/p>\n<p>(Pareja JUVENILES SUB 15 \/Pareja JUVENILES SUB 18 \/ Pareja ADULTOS)<\/p>\n<p> DANZA TANGO Tradicional<\/p>\n<p>(Pareja JUVENILES SUB 15 \/ Pareja JUVENILES SUB 18 \/Pareja ADULTOS)<\/p>\n<p> MUSICA ROCK Conjunto<\/p>\n<p>(JUVENILES \u00daNICA)<\/p>\n<p> SOLISTA VOCAL<\/p>\n<p>(JUVENILES SUB 15 \/ JUVENILES SUB 18 \/ADULTOS MAYORES)<\/p>\n<p> TEATRO Grupal<\/p>\n<p>(JUVENILES \u00daNICA \/ ADULTOS UNICA)<\/p>\n","protected":false},"excerpt":{"rendered":"<p>Hasta el 10 de abril se encuentra abierta la inscripci\u00f3n para la edici\u00f3n 2017 de los torneos que organiza la Provincia de Buenos Aires. La etapa municipal comenzar\u00e1 a disputarse el 16 de abril prolog\u00e1ndose hasta el 16 de junio, mientras que la final provincial tendr\u00e1 lugar entre el 30 de septiembre y el 4 [&hellip;]<\/p>\n","protected":false},"author":4,"featured_media":15945,"comment_status":"open","ping_status":"closed","sticky":false,"template":"","format":"standard","meta":{"om_disable_all_campaigns":false,"_jetpack_memberships_contains_paid_content":false,"footnotes":""},"categories":[101,2],"tags":[],"class_list":["post-15944","post","type-post","status-publish","format-standard","has-post-thumbnail","hentry","category-interes-general-locales","category-locales"],"aioseo_notices":[],"gutentor_comment":0,"jetpack_featured_media_url":"https:\/\/eldiariodesanpedro.com.ar\/sitio\/wp-content\/uploads\/2017\/03\/JUEGOSBONAERENSES.jpg","jetpack_shortlink":"https:\/\/wp.me\/p6RhLt-49a","jetpack_sharing_enabled":true,"_links":{"self":[{"href":"https:\/\/eldiariodesanpedro.com.ar\/sitio\/wp-json\/wp\/v2\/posts\/15944","targetHints":{"allow":["GET"]}}],"collection":[{"href":"https:\/\/eldiariodesanpedro.com.ar\/sitio\/wp-json\/wp\/v2\/posts"}],"about":[{"href":"https:\/\/eldiariodesanpedro.com.ar\/sitio\/wp-json\/wp\/v2\/types\/post"}],"author":[{"embeddable":true,"href":"https:\/\/eldiariodesanpedro.com.ar\/sitio\/wp-json\/wp\/v2\/users\/4"}],"replies":[{"embeddable":true,"href":"https:\/\/eldiariodesanpedro.com.ar\/sitio\/wp-json\/wp\/v2\/comments?post=15944"}],"version-history":[{"count":1,"href":"https:\/\/eldiariodesanpedro.com.ar\/sitio\/wp-json\/wp\/v2\/posts\/15944\/revisions"}],"predecessor-version":[{"id":15946,"href":"https:\/\/eldiariodesanpedro.com.ar\/sitio\/wp-json\/wp\/v2\/posts\/15944\/revisions\/15946"}],"wp:featuredmedia":[{"embeddable":true,"href":"https:\/\/eldiariodesanpedro.com.ar\/sitio\/wp-json\/wp\/v2\/media\/15945"}],"wp:attachment":[{"href":"https:\/\/eldiariodesanpedro.com.ar\/sitio\/wp-json\/wp\/v2\/media?parent=15944"}],"wp:term":[{"taxonomy":"category","embeddable":true,"href":"https:\/\/eldiariodesanpedro.com.ar\/sitio\/wp-json\/wp\/v2\/categories?post=15944"},{"taxonomy":"post_tag","embeddable":true,"href":"https:\/\/eldiariodesanpedro.com.ar\/sitio\/wp-json\/wp\/v2\/tags?post=15944"}],"curies":[{"name":"wp","href":"https:\/\/api.w.org\/{rel}","templated":true}]}}