{"id":15941,"date":"2017-03-14T09:52:39","date_gmt":"2017-03-14T12:52:39","guid":{"rendered":"https:\/\/eldiariodesanpedro.com.ar\/sitio\/?p=15941"},"modified":"2017-03-14T09:52:39","modified_gmt":"2017-03-14T12:52:39","slug":"intendente-visito-el-centro-801","status":"publish","type":"post","link":"https:\/\/eldiariodesanpedro.com.ar\/sitio\/intendente-visito-el-centro-801\/","title":{"rendered":"Intendente visit\u00f3 el Centro 801"},"content":{"rendered":"<p><!-- VideographyWP Plugin Message: Automatic video embedding prevented by plugin options. --><br \/>\nAcompa\u00f1ado por Consejeros Escolares y por su Secretario Privado y de Prensa Jonath\u00e1n Galva\u00e1n, el Intendente Cecilio Salazar visit\u00f3 el Centro 801 ubicado en Belgrano y Aul\u00ed.<\/p>\n<p>Tras dialogar con las docentes, Salazar almorz\u00f3 con los ni\u00f1os que contaron al Jefe Comunal de qu\u00e9 barrio proven\u00edan y a que escuelas deber\u00edan asistir.<\/p>\n<p>Durante la recorrida por el edificio, el mandatario asegur\u00f3 que comenzar\u00e1n con obras para su remodelaci\u00f3n. Hablaron de ampliarlo creando un espacio de usos m\u00faltiples, cambiar los techos y acondicionar el patio.<\/p>\n","protected":false},"excerpt":{"rendered":"<p>Acompa\u00f1ado por Consejeros Escolares y por su Secretario Privado y de Prensa Jonath\u00e1n Galva\u00e1n, el Intendente Cecilio Salazar visit\u00f3 el Centro 801 ubicado en Belgrano y Aul\u00ed. Tras dialogar con las docentes, Salazar almorz\u00f3 con los ni\u00f1os que contaron al Jefe Comunal de qu\u00e9 barrio proven\u00edan y a que escuelas deber\u00edan asistir. Durante la recorrida [&hellip;]<\/p>\n","protected":false},"author":4,"featured_media":15942,"comment_status":"open","ping_status":"closed","sticky":false,"template":"","format":"standard","meta":{"om_disable_all_campaigns":false,"_jetpack_memberships_contains_paid_content":false,"footnotes":""},"categories":[2,102],"tags":[],"class_list":["post-15941","post","type-post","status-publish","format-standard","has-post-thumbnail","hentry","category-locales","category-politica-locales"],"aioseo_notices":[],"gutentor_comment":0,"jetpack_featured_media_url":"https:\/\/eldiariodesanpedro.com.ar\/sitio\/wp-content\/uploads\/2017\/03\/CENTRO801a.jpg","jetpack_shortlink":"https:\/\/wp.me\/p6RhLt-497","jetpack_sharing_enabled":true,"_links":{"self":[{"href":"https:\/\/eldiariodesanpedro.com.ar\/sitio\/wp-json\/wp\/v2\/posts\/15941","targetHints":{"allow":["GET"]}}],"collection":[{"href":"https:\/\/eldiariodesanpedro.com.ar\/sitio\/wp-json\/wp\/v2\/posts"}],"about":[{"href":"https:\/\/eldiariodesanpedro.com.ar\/sitio\/wp-json\/wp\/v2\/types\/post"}],"author":[{"embeddable":true,"href":"https:\/\/eldiariodesanpedro.com.ar\/sitio\/wp-json\/wp\/v2\/users\/4"}],"replies":[{"embeddable":true,"href":"https:\/\/eldiariodesanpedro.com.ar\/sitio\/wp-json\/wp\/v2\/comments?post=15941"}],"version-history":[{"count":1,"href":"https:\/\/eldiariodesanpedro.com.ar\/sitio\/wp-json\/wp\/v2\/posts\/15941\/revisions"}],"predecessor-version":[{"id":15943,"href":"https:\/\/eldiariodesanpedro.com.ar\/sitio\/wp-json\/wp\/v2\/posts\/15941\/revisions\/15943"}],"wp:featuredmedia":[{"embeddable":true,"href":"https:\/\/eldiariodesanpedro.com.ar\/sitio\/wp-json\/wp\/v2\/media\/15942"}],"wp:attachment":[{"href":"https:\/\/eldiariodesanpedro.com.ar\/sitio\/wp-json\/wp\/v2\/media?parent=15941"}],"wp:term":[{"taxonomy":"category","embeddable":true,"href":"https:\/\/eldiariodesanpedro.com.ar\/sitio\/wp-json\/wp\/v2\/categories?post=15941"},{"taxonomy":"post_tag","embeddable":true,"href":"https:\/\/eldiariodesanpedro.com.ar\/sitio\/wp-json\/wp\/v2\/tags?post=15941"}],"curies":[{"name":"wp","href":"https:\/\/api.w.org\/{rel}","templated":true}]}}